{"id":102918,"date":"2023-08-15T18:08:24","date_gmt":"2023-08-15T18:08:24","guid":{"rendered":"https:\/\/primicias2262.com\/noticias\/?p=102918"},"modified":"2023-08-15T18:08:24","modified_gmt":"2023-08-15T18:08:24","slug":"el-gobierno-freno-la-exportacion-de-carne-por-15-dias","status":"publish","type":"post","link":"https:\/\/primicias2262.com\/noticias\/el-gobierno-freno-la-exportacion-de-carne-por-15-dias\/","title":{"rendered":"El Gobierno fren\u00f3 la exportaci\u00f3n de carne por 15 d\u00edas"},"content":{"rendered":"<p><strong>El Gobierno nacional suspendi\u00f3 la exportaci\u00f3n de carne por quince d\u00edas. La medida se tom\u00f3 a la espera de un acuerdo de precios con el consorcio de frigor\u00edficos.<\/strong><\/p>\n<p>Fuentes oficiales confirmaron que hab\u00edan detectado un aumento significativo en los precios al consumidor y que el objetivo de la restricci\u00f3n es contener los valores en los mostradores.<\/p>\n<p>\u201cLa medida se tom\u00f3 a la espera de un acuerdo de precios con el consorcio de frigor\u00edficos\u201d, detallaron cerca de Guillermo Michel, titular de la Aduana y hombre de confianza de Massa, que tom\u00f3 un rol protag\u00f3nico en las negociaciones de precios.<\/p>\n<p>\u201cSin acuerdo, no habr\u00e1 permisos de exportaci\u00f3n\u201d, advirtieron.<\/p>\n","protected":false},"excerpt":{"rendered":"<p>El Gobierno nacional suspendi\u00f3 la exportaci\u00f3n de carne por quince d\u00edas. La medida se tom\u00f3 a la espera de un acuerdo de precios con el consorcio de frigor\u00edficos. Fuentes oficiales confirmaron que hab\u00edan detectado un aumento significativo en los precios al consumidor y que el objetivo de la restricci\u00f3n es contener los valores en los [&hellip;]<\/p>\n","protected":false},"author":3,"featured_media":102919,"comment_status":"open","ping_status":"open","sticky":false,"template":"","format":"standard","meta":{"footnotes":""},"categories":[7],"tags":[],"class_list":{"0":"post-102918","1":"post","2":"type-post","3":"status-publish","4":"format-standard","5":"has-post-thumbnail","7":"category-nac"},"_links":{"self":[{"href":"https:\/\/primicias2262.com\/noticias\/wp-json\/wp\/v2\/posts\/102918","targetHints":{"allow":["GET"]}}],"collection":[{"href":"https:\/\/primicias2262.com\/noticias\/wp-json\/wp\/v2\/posts"}],"about":[{"href":"https:\/\/primicias2262.com\/noticias\/wp-json\/wp\/v2\/types\/post"}],"author":[{"embeddable":true,"href":"https:\/\/primicias2262.com\/noticias\/wp-json\/wp\/v2\/users\/3"}],"replies":[{"embeddable":true,"href":"https:\/\/primicias2262.com\/noticias\/wp-json\/wp\/v2\/comments?post=102918"}],"version-history":[{"count":2,"href":"https:\/\/primicias2262.com\/noticias\/wp-json\/wp\/v2\/posts\/102918\/revisions"}],"predecessor-version":[{"id":102921,"href":"https:\/\/primicias2262.com\/noticias\/wp-json\/wp\/v2\/posts\/102918\/revisions\/102921"}],"wp:featuredmedia":[{"embeddable":true,"href":"https:\/\/primicias2262.com\/noticias\/wp-json\/wp\/v2\/media\/102919"}],"wp:attachment":[{"href":"https:\/\/primicias2262.com\/noticias\/wp-json\/wp\/v2\/media?parent=102918"}],"wp:term":[{"taxonomy":"category","embeddable":true,"href":"https:\/\/primicias2262.com\/noticias\/wp-json\/wp\/v2\/categories?post=102918"},{"taxonomy":"post_tag","embeddable":true,"href":"https:\/\/primicias2262.com\/noticias\/wp-json\/wp\/v2\/tags?post=102918"}],"curies":[{"name":"wp","href":"https:\/\/api.w.org\/{rel}","templated":true}]}}