{"id":102922,"date":"2023-08-15T18:11:16","date_gmt":"2023-08-15T18:11:16","guid":{"rendered":"https:\/\/primicias2262.com\/noticias\/?p=102922"},"modified":"2023-08-15T18:11:16","modified_gmt":"2023-08-15T18:11:16","slug":"como-sigue-el-calendario-electoral-tras-las-paso","status":"publish","type":"post","link":"https:\/\/primicias2262.com\/noticias\/como-sigue-el-calendario-electoral-tras-las-paso\/","title":{"rendered":"\u00bfC\u00f3mo sigue el calendario \u00a0electoral tras las PASO?"},"content":{"rendered":"<p><strong>Los candidatos tendr\u00e1n que dise\u00f1ar sus estrategias para las generales del domingo 22 de octubre y tiene una serie de pasos y plazos a cumplir. Detalles<\/strong><\/p>\n<p>Luego del\u00a0sorprendente triunfo nacional en las PASO\u00a0del precandidato presidencial de La Libertad Avanza,\u00a0Javier Milei, y sus n\u00fameros tambi\u00e9n en la Provincia de Buenos Aires, el cronograma electoral nacional y bonaerense continuar\u00e1 su marcha y\u00a0este martes comenzar\u00e1 a realizarse el escrutinio definitivo, el \u00fanico que tiene validez legal.<\/p>\n<p>Este martes a las 18 se iniciar\u00e1 el proceso de recuento para\u00a0determinar las cifras finales que alcanz\u00f3 cada postulante y oficializar a aquellos que ganaron sus internas y a los que superaron el piso del 1,5%.<\/p>\n<p>El escrutinio definitivo es realizado por la Justicia Electoral nacional y por la Junta Electoral de la Provincia. Lo que resulte de estos datos ser\u00e1n los \u00fanicos con validez legal: el provisorio lo lleva adelante el Poder Ejecutivo nacional y s\u00f3lo tiene fines informativos.<\/p>\n<p>Otras de las fechas importantes que se vendr\u00e1n en los pr\u00f3ximos meses ser\u00e1n el\u00a0inicio de la campa\u00f1a hacia las generales; los debates obligatorios y los comicios del 22 de octubre.<\/p>\n<p><strong><u>Fechas destacadas del cronograma electoral\u00a0nacional<\/u><\/strong><\/p>\n<p><strong><u>\u00a0<\/u><\/strong><\/p>\n<ul>\n<li>15 de agosto: a las 18 inicio del escrutinio definitivo de las elecciones Primarias, Abiertas, Simult\u00e1neas y Obligatorias (PASO);<\/li>\n<li>02 de septiembre: inicio de la campa\u00f1a electoral para las\u00a0generales;<\/li>\n<li>17 de septiembre: inicio de la campa\u00f1a electoral en medios de\u00a0comunicaci\u00f3n audiovisual;<\/li>\n<li>22 de septiembre: publicaci\u00f3n de los padrones definitivos;<\/li>\n<li>27 de septiembre: comienzo de la prohibici\u00f3n de actos p\u00fablicos\u00a0susceptibles de promover la captaci\u00f3n del sufragio;<\/li>\n<li>01\u00a0de octubre: debate presidencial obligatorio (primera\u00a0instancia);<\/li>\n<li>08 de octubre: debate presidencial obligatorio (segunda\u00a0instancia);<\/li>\n<li>20 de octubre: fin de la campa\u00f1a y comienzo de la veda\u00a0electoral;<\/li>\n<li>22 de octubre: elecciones generales;<\/li>\n<li>12 de noviembre: debate presidencial obligatorio (en caso de\u00a0celebrarse una eventual segunda vuelta);<\/li>\n<li>19 de noviembre: eventual balotaje.<\/li>\n<\/ul>\n","protected":false},"excerpt":{"rendered":"<p>Los candidatos tendr\u00e1n que dise\u00f1ar sus estrategias para las generales del domingo 22 de octubre y tiene una serie de pasos y plazos a cumplir. Detalles Luego del\u00a0sorprendente triunfo nacional en las PASO\u00a0del precandidato presidencial de La Libertad Avanza,\u00a0Javier Milei, y sus n\u00fameros tambi\u00e9n en la Provincia de Buenos Aires, el cronograma electoral nacional y [&hellip;]<\/p>\n","protected":false},"author":3,"featured_media":102627,"comment_status":"open","ping_status":"open","sticky":false,"template":"","format":"standard","meta":{"footnotes":""},"categories":[7],"tags":[],"class_list":{"0":"post-102922","1":"post","2":"type-post","3":"status-publish","4":"format-standard","5":"has-post-thumbnail","7":"category-nac"},"_links":{"self":[{"href":"https:\/\/primicias2262.com\/noticias\/wp-json\/wp\/v2\/posts\/102922","targetHints":{"allow":["GET"]}}],"collection":[{"href":"https:\/\/primicias2262.com\/noticias\/wp-json\/wp\/v2\/posts"}],"about":[{"href":"https:\/\/primicias2262.com\/noticias\/wp-json\/wp\/v2\/types\/post"}],"author":[{"embeddable":true,"href":"https:\/\/primicias2262.com\/noticias\/wp-json\/wp\/v2\/users\/3"}],"replies":[{"embeddable":true,"href":"https:\/\/primicias2262.com\/noticias\/wp-json\/wp\/v2\/comments?post=102922"}],"version-history":[{"count":1,"href":"https:\/\/primicias2262.com\/noticias\/wp-json\/wp\/v2\/posts\/102922\/revisions"}],"predecessor-version":[{"id":102923,"href":"https:\/\/primicias2262.com\/noticias\/wp-json\/wp\/v2\/posts\/102922\/revisions\/102923"}],"wp:featuredmedia":[{"embeddable":true,"href":"https:\/\/primicias2262.com\/noticias\/wp-json\/wp\/v2\/media\/102627"}],"wp:attachment":[{"href":"https:\/\/primicias2262.com\/noticias\/wp-json\/wp\/v2\/media?parent=102922"}],"wp:term":[{"taxonomy":"category","embeddable":true,"href":"https:\/\/primicias2262.com\/noticias\/wp-json\/wp\/v2\/categories?post=102922"},{"taxonomy":"post_tag","embeddable":true,"href":"https:\/\/primicias2262.com\/noticias\/wp-json\/wp\/v2\/tags?post=102922"}],"curies":[{"name":"wp","href":"https:\/\/api.w.org\/{rel}","templated":true}]}}