{"id":102924,"date":"2023-08-15T15:12:19","date_gmt":"2023-08-15T15:12:19","guid":{"rendered":"https:\/\/primicias2262.com\/noticias\/?p=102924"},"modified":"2023-08-15T18:14:11","modified_gmt":"2023-08-15T18:14:11","slug":"baez-sosa-los-rugbiers-salen-por-primera-vez-para-participar-de-la-audiencia-de-apelacion","status":"publish","type":"post","link":"https:\/\/primicias2262.com\/noticias\/baez-sosa-los-rugbiers-salen-por-primera-vez-para-participar-de-la-audiencia-de-apelacion\/","title":{"rendered":"B\u00e1ez Sosa: los rugbiers salen por primera vez para participar de la audiencia de apelaci\u00f3n"},"content":{"rendered":"<p>Los <b>ocho rugbiers<\/b> condenados por el <b>crimen de Fernando B\u00e1ez Sosa<\/b> en enero de 2020 en Villa Gesell <b>saldr\u00e1n por primera vez de la c\u00e1rcel de Melchor Romero <\/b>para <a href=\"https:\/\/www.pagina12.com.ar\/567767-fernando-baez-sosa-citan-a-una-audiencia-por-las-apelaciones\">apelar las sentencias<\/a> dictadas por el Tribunal Oral en lo Criminal N\u00ba1 de Dolores el pasado 6 de febrero en una audiencia presencial.<\/p>\n<p>Los j\u00f3venes ser\u00e1n trasladados <b>desde la prisi\u00f3n hasta la C\u00e1mara de Casaci\u00f3n bonaerense ubicada en la ciudad bonaerense de La Plata<\/b>, donde <b>a partir de las 11:00 van a \u00abdetallar lo que ya se hizo por escrito\u00bb<\/b> frente a los jueces de la Sala II Mario Kohan, Fernando Mancini Hebeca y Mar\u00eda Florencia Budi\u00f1o.<\/p>\n<p>El abogado que representa a los rugbiers, Hugo Tomei, <b>buscar\u00e1 que<\/b> <b>M\u00e1ximo Thomsen, Enzo Comelli, Mat\u00edas Benicelli y Ciro y Luciano Pertossi<\/b>, condenados a prisi\u00f3n perpetua por \u201chomicidio doblemente agravado, por el concurso premeditado de dos o m\u00e1s personas y por alevos\u00eda en concurso real con ideal con lesiones leves\u201d, <b>sean encontrados culpables por el delito de\u00a0<\/b>\u201c<b>homicidio en ri\u00f1a<\/b>\u201d.<\/p>\n<p>Por otra parte, el letrado <b>solicitar\u00e1 que<\/b> <b>Ayrton Viollaz<\/b>, <b>Blas Cinalli <\/b>y <b>Lucas Pertossi<\/b>, condenados a 15 a\u00f1os de prisi\u00f3n por ser part\u00edcipes secundarios del mismo hecho, <b>queden absueltos<\/b>.<\/p>\n<h2>La familia de Fernando y los rugbiers vuelven a verse las caras<\/h2>\n<p>En la misma audiencia <b>estar\u00e1n presentes la fiscal\u00eda y la querella<\/b> que en sus apelaciones solicitaron que Viollaz, Cinalli y Lucas Pertossi tambi\u00e9n sean encontrados culpables por el homicidio.<\/p>\n<p>A pesar de que se trata de una audiencia clave, que <b>conlleva un recuerdo latente de uno de los casos m\u00e1s resonantes del pa\u00eds<\/b>, la defensa de la familia de Fernando sostiene que se trata de una auditor\u00eda que corresponde con el proceso penal que tiene un detenido.<\/p>\n<div align=\"center\">\n<figure class=\"caption caption-div embedded-entity\" role=\"group\">\n<div data-embed-button=\"media_image_button\" data-entity-embed-display=\"view_mode:media.single_media_image_460\" data-entity-type=\"media\" data-entity-uuid=\"7620790d-110a-4f96-acc8-15ad25be61fd\" data-langcode=\"es\">\n<article class=\"media media--type-image media--view-mode-single-media-image-460\">\n<div class=\"field field--name-field-media-image field--type-image field--label-hidden field__item\"><img loading=\"lazy\" decoding=\"async\" class=\"image-style-width960\" src=\"https:\/\/images.pagina12.com.ar\/styles\/width960\/public\/2023-08\/758350-684735-48457-baez-2520sosa-2520juicio_0.jpeg?itok=Cs6IOv-j\" width=\"960\" height=\"640\" \/><\/div>\n<\/article>\n<\/div><figcaption>La familia de Fernando B\u00e1ez Sosa se reencuentra este martes con los ocho rugbiers encarcelados pro el crimen. (Foto: Telam)<\/figcaption><\/figure>\n<\/div>\n<p>\u201c<b>Para ellos es todo muy fuerte, les genera angustia<\/b>, <b>les trae much\u00edsimos recuerdos<\/b>\u201d, explic\u00f3 a Noticias Argentinas el abogado Fernando Burlando, quien form\u00f3 parte de la defensa de los padres de B\u00e1ez Sosa, Silvino y Graciela.<\/p>\n<p>Sin embargo, indic\u00f3 que, <b>a pesar de que volver\u00e1n a ver la cara de los chicos que asesinaron a Fernando<\/b>, no ser\u00e1 peor que lo que vivieron durante el juicio: \u201c<b>Ah\u00ed vieron c\u00f3mo mataban a su hijo m\u00e1s de mil veces reproducido en im\u00e1genes<\/b>\u201d.<\/p>\n<p>\u201cVa a ser <b>una audiencia m\u00e1s formal <\/b>donde <b>no creo que exista ning\u00fan tipo de exceso de las partes<\/b>. Espero que la transiten de la manera m\u00e1s leve tanto Silvino como Graciela\u201d, manifest\u00f3 Burlando.<\/p>\n<div><iframe src=\"https:\/\/content.jwplatform.com\/previews\/yE3K0ScG-buQgiLVC\" frameborder=\"0\" allowfullscreen=\"allowfullscreen\" data-mce-fragment=\"1\"><\/iframe><\/div>\n<p>Al ser consultado sobre la realizaci\u00f3n de dicha audiencia, el abogado se mostr\u00f3 conforme y expectante: \u201cEst\u00e1 bien que transitemos los distintos pasos procesales para llegar a una condena firme, <b>tienen ese derecho y est\u00e1 bien que lo utilicen<\/b>\u201d, cerr\u00f3.<\/p>\n","protected":false},"excerpt":{"rendered":"<p>Los ocho rugbiers condenados por el crimen de Fernando B\u00e1ez Sosa en enero de 2020 en Villa Gesell saldr\u00e1n por primera vez de la c\u00e1rcel de Melchor Romero para apelar las sentencias dictadas por el Tribunal Oral en lo Criminal N\u00ba1 de Dolores el pasado 6 de febrero en una audiencia presencial. Los j\u00f3venes ser\u00e1n [&hellip;]<\/p>\n","protected":false},"author":3,"featured_media":102925,"comment_status":"open","ping_status":"open","sticky":false,"template":"","format":"standard","meta":{"footnotes":""},"categories":[7],"tags":[],"class_list":{"0":"post-102924","1":"post","2":"type-post","3":"status-publish","4":"format-standard","5":"has-post-thumbnail","7":"category-nac"},"_links":{"self":[{"href":"https:\/\/primicias2262.com\/noticias\/wp-json\/wp\/v2\/posts\/102924","targetHints":{"allow":["GET"]}}],"collection":[{"href":"https:\/\/primicias2262.com\/noticias\/wp-json\/wp\/v2\/posts"}],"about":[{"href":"https:\/\/primicias2262.com\/noticias\/wp-json\/wp\/v2\/types\/post"}],"author":[{"embeddable":true,"href":"https:\/\/primicias2262.com\/noticias\/wp-json\/wp\/v2\/users\/3"}],"replies":[{"embeddable":true,"href":"https:\/\/primicias2262.com\/noticias\/wp-json\/wp\/v2\/comments?post=102924"}],"version-history":[{"count":1,"href":"https:\/\/primicias2262.com\/noticias\/wp-json\/wp\/v2\/posts\/102924\/revisions"}],"predecessor-version":[{"id":102926,"href":"https:\/\/primicias2262.com\/noticias\/wp-json\/wp\/v2\/posts\/102924\/revisions\/102926"}],"wp:featuredmedia":[{"embeddable":true,"href":"https:\/\/primicias2262.com\/noticias\/wp-json\/wp\/v2\/media\/102925"}],"wp:attachment":[{"href":"https:\/\/primicias2262.com\/noticias\/wp-json\/wp\/v2\/media?parent=102924"}],"wp:term":[{"taxonomy":"category","embeddable":true,"href":"https:\/\/primicias2262.com\/noticias\/wp-json\/wp\/v2\/categories?post=102924"},{"taxonomy":"post_tag","embeddable":true,"href":"https:\/\/primicias2262.com\/noticias\/wp-json\/wp\/v2\/tags?post=102924"}],"curies":[{"name":"wp","href":"https:\/\/api.w.org\/{rel}","templated":true}]}}