{"id":102927,"date":"2023-08-16T12:38:26","date_gmt":"2023-08-16T12:38:26","guid":{"rendered":"https:\/\/primicias2262.com\/noticias\/?p=102927"},"modified":"2023-08-16T17:00:55","modified_gmt":"2023-08-16T17:00:55","slug":"existe-una-preocupacion-real-de-la-gente-por-como-se-esta-jugando-desde-el-consorcio-con-los-puestos-de-trabajo","status":"publish","type":"post","link":"https:\/\/primicias2262.com\/noticias\/existe-una-preocupacion-real-de-la-gente-por-como-se-esta-jugando-desde-el-consorcio-con-los-puestos-de-trabajo\/","title":{"rendered":"\u201cExiste una preocupaci\u00f3n real de la gente por c\u00f3mo se est\u00e1 jugando desde el Consorcio con los puestos de trabajo\u201d"},"content":{"rendered":"<p><strong>As\u00ed lo enfatiz\u00f3 el secretario general del gremio que re\u00fane al personal de Terminal Quequ\u00e9n SA, Daniel Monjes, durante una nota telef\u00f3nica en \u201cVoces de la Ciudad\u201d, realizada por el periodista Jorge G\u00f3mez.<\/strong><\/p>\n<p>En el marco de la incertidumbre planteada por el fin de la concesi\u00f3n de los elevadores de Terminal Quequ\u00e9n SA, los trabajadores de la empresa se reunieron con el intendente Arturo Rojas, y el secretario general Daniel Monjes, cont\u00f3 que \u201ceste mi\u00e9rcoles hemos cortado la entrada a la operatoria portuaria desde las 7 de la ma\u00f1ana, los camiones no pueden entrar a Sitio 0 ni Terminal Quequ\u00e9n, estamos haciendo paro en conjunto con el SUPA. Luego hay reuniones y vamos a levantar el corte de calles de entrada a las terminales, pero seguiremos con el paro en Terminal Quequ\u00e9n por tiempo indeterminado hasta que tengamos respuesta\u201d.<\/p>\n<p>Por lo tanto, \u201cexiste una preocupaci\u00f3n real de la gente por c\u00f3mo se est\u00e1 jugando desde el Consorcio con los puestos de trabajo\u201d, asegur\u00f3, para apuntar su mirada hacia el presidente de Puerto Quequ\u00e9n, Jorge \u00c1lvaro: \u201cYo conformo el directorio del Consorcio por la parte sindical y hace tres o cuatro a\u00f1os que la gente viene con esta preocupaci\u00f3n. El 5 de mayo el presidente present\u00f3 los pliegos, que por sus condiciones eran inviables, se le hizo observaciones desde el directorio y hasta el d\u00eda de hoy el presidente no ha convocado a reuni\u00f3n de directorio\u201d.<\/p>\n<p>Esgrimi\u00f3 al instante que \u201cpor estatuto \u00e9l (\u00c1lvaro) tiene obligaci\u00f3n de convocar a reuni\u00f3n una vez por mes y no ha convocado, y el caballito de batalla de ellos es que tienen un acta firmada, pero a m\u00ed me sirve un acta si yo s\u00e9 qui\u00e9n va a ser mi empleador a partir del 1\u00ba de diciembre, pero hoy yo no lo s\u00e9, y ya para licitaci\u00f3n no hay tiempo\u201d. Entonces, \u201cen manos de qui\u00e9n vamos a estar en diciembre\u201d, se interrog\u00f3.<\/p>\n<p>Vale recordarse que el sector agrupa de forma directa 120 trabajadores, que sumado al personal tercerizado hace a un conjunto de casi 200 familias. \u201cEl elevador es muy grande y viejo y necesita de mucho mantenimiento, y solo queremos que se brinde el se\u00f1or presidente a recibir a los trabajadores, pero creo que est\u00e1 de vacaciones en Mendoza\u201d, expres\u00f3 Monjes, para completar que \u201cayer nos recibi\u00f3 el gerente del Consorcio, cosa que no nos interesa porque no tiene ninguna soluci\u00f3n, me da bronca que hay 120 puestos de trabajo en riesgo y nadie hace nada\u201d.<\/p>\n<p>Argument\u00f3 al respecto que adem\u00e1s de \u00c1lvaro \u201cse le mand\u00f3 nota al ministro de Producci\u00f3n Augusto Costa, al gobernador Axel Kicillof y nadie se hace cargo, y solo te responden con un acta, y no sirve, la gente tiene incertidumbre y est\u00e1 muy preocupada\u2026 incluso, ayer el Intendente me manifest\u00f3 su preocupaci\u00f3n porque esto tambi\u00e9n afecta al ritmo de la ciudad\u201d.<\/p>\n","protected":false},"excerpt":{"rendered":"<p>As\u00ed lo enfatiz\u00f3 el secretario general del gremio que re\u00fane al personal de Terminal Quequ\u00e9n SA, Daniel Monjes, durante una nota telef\u00f3nica en \u201cVoces de la Ciudad\u201d, realizada por el periodista Jorge G\u00f3mez. En el marco de la incertidumbre planteada por el fin de la concesi\u00f3n de los elevadores de Terminal Quequ\u00e9n SA, los trabajadores [&hellip;]<\/p>\n","protected":false},"author":3,"featured_media":102929,"comment_status":"open","ping_status":"open","sticky":false,"template":"","format":"standard","meta":{"footnotes":""},"categories":[3],"tags":[],"class_list":["post-102927","post","type-post","status-publish","format-standard","has-post-thumbnail","category-masnoticias"],"_links":{"self":[{"href":"https:\/\/primicias2262.com\/noticias\/wp-json\/wp\/v2\/posts\/102927","targetHints":{"allow":["GET"]}}],"collection":[{"href":"https:\/\/primicias2262.com\/noticias\/wp-json\/wp\/v2\/posts"}],"about":[{"href":"https:\/\/primicias2262.com\/noticias\/wp-json\/wp\/v2\/types\/post"}],"author":[{"embeddable":true,"href":"https:\/\/primicias2262.com\/noticias\/wp-json\/wp\/v2\/users\/3"}],"replies":[{"embeddable":true,"href":"https:\/\/primicias2262.com\/noticias\/wp-json\/wp\/v2\/comments?post=102927"}],"version-history":[{"count":1,"href":"https:\/\/primicias2262.com\/noticias\/wp-json\/wp\/v2\/posts\/102927\/revisions"}],"predecessor-version":[{"id":102930,"href":"https:\/\/primicias2262.com\/noticias\/wp-json\/wp\/v2\/posts\/102927\/revisions\/102930"}],"wp:featuredmedia":[{"embeddable":true,"href":"https:\/\/primicias2262.com\/noticias\/wp-json\/wp\/v2\/media\/102929"}],"wp:attachment":[{"href":"https:\/\/primicias2262.com\/noticias\/wp-json\/wp\/v2\/media?parent=102927"}],"wp:term":[{"taxonomy":"category","embeddable":true,"href":"https:\/\/primicias2262.com\/noticias\/wp-json\/wp\/v2\/categories?post=102927"},{"taxonomy":"post_tag","embeddable":true,"href":"https:\/\/primicias2262.com\/noticias\/wp-json\/wp\/v2\/tags?post=102927"}],"curies":[{"name":"wp","href":"https:\/\/api.w.org\/{rel}","templated":true}]}}