{"id":102931,"date":"2023-08-16T12:40:10","date_gmt":"2023-08-16T12:40:10","guid":{"rendered":"https:\/\/primicias2262.com\/noticias\/?p=102931"},"modified":"2023-08-17T17:17:38","modified_gmt":"2023-08-17T17:17:38","slug":"terminal-quequen-el-directorio-del-consorcio-tiene-que-tratar-el-tema-y-dar-una-respuesta-agil","status":"publish","type":"post","link":"https:\/\/primicias2262.com\/noticias\/terminal-quequen-el-directorio-del-consorcio-tiene-que-tratar-el-tema-y-dar-una-respuesta-agil\/","title":{"rendered":"Terminal Quequ\u00e9n: \u201cEl directorio del Consorcio tiene que tratar el tema y dar una respuesta \u00e1gil\u201d"},"content":{"rendered":"<p><strong>As\u00ed lo se\u00f1al\u00f3 en \u201cVoces de la Ciudad\u201d Daniel Arce, director ejecutivo de Terminal Quequ\u00e9n SA, en torno a la situaci\u00f3n de incertidumbre que aqueja a los trabajadores del elevador, cuya pr\u00f3rroga de concesi\u00f3n vence en tres meses.<\/strong><\/p>\n<p>Dicha sociedad an\u00f3nima cont\u00f3 con la concesi\u00f3n durante hace 30 a\u00f1os, la misma finaliz\u00f3 el a\u00f1o pasado y tras ello cual las autoridades portuarias, el poder concedente, extendieron por un a\u00f1o la pr\u00f3rroga a Terminal Quequ\u00e9n, lapso en el cual se hab\u00eda informado que se iba a hacer un pliego de llamado a licitaci\u00f3n para que se presentara \u00e9sta u otros oferentes, pero estando ya en agosto solo se han efectuado borradores e idas y vueltas entre las partes y el directorio del consorcio, por lo que hay marcada preocupaci\u00f3n, tanto de Terminal Quequ\u00e9n, que quiere continuar operando, como de sus trabajadores, y por ello Arce enfatiza en que se necesita una r\u00e1pido resoluci\u00f3n.<\/p>\n<p>En di\u00e1logo con el periodista Jorge G\u00f3mez, el director ejecutivo de Terminal Quequ\u00e9n explic\u00f3 que \u201cel tema no ha evolucionado, est\u00e1 la intenci\u00f3n de un proceso licitatorio iniciado con un pliego borrador que se baj\u00f3 a consenso a los distintos directores en abril, fue considerado por los distintos sectores y estos empezaron a opinar sobre el borrador, se inici\u00f3 un ida y vuelta entre las partes, pero al d\u00eda de hoy no contamos con un pliego aprobado ni consensuado, ni mucho menos con un llamado a licitaci\u00f3n\u201d.<\/p>\n<p>Los meses pasan y \u201cno hay tiempo material para poder resolver una licitaci\u00f3n en lo que resta del plazo de este contrato precario que estamos gestionando hoy d\u00eda en Terminal Quequ\u00e9n, lo cual vence el 30 de noviembre, y ni siquiera hay un pliego aprobado\u201d, repas\u00f3 Arce, argumentando adem\u00e1s que \u201cun pliego tiene muchas aristas, porque no solo responde a las pretensiones econ\u00f3micas del concedente a trav\u00e9s del canon o arrendamiento de tierras, sino que debe garantizar una buena calidad de oferente, que debe entender del negocio en cuesti\u00f3n y demostrar una actividad relacionada y volumen de toneladas operadas, como tambi\u00e9n capacidad financiera y comercial: una cosa es saber explotar un elevador y otra es demostrar las posibilidades de generar trabajo en t\u00e9rmino de originaci\u00f3n de toneladas para que el elevador opere\u201d.<\/p>\n<p>Seguidamente, el director trajo a colaci\u00f3n una merma en los n\u00fameros, como consecuencia de esta cuesti\u00f3n. \u201cEl puerto opera con distintos tipos de mercader\u00eda, hay alguna mercader\u00eda m\u00e1s acentuada y uno puedo ver con qu\u00e9 porci\u00f3n de mercado trabaja el elevador, que es en torno al 37 o 39% de lo que mueve el puerto en exportaci\u00f3n\u201d, es decir, \u201cson tres terminales y Terminal Quequ\u00e9n en general toma de ese mercado el 38% promedio, pero este a\u00f1o esa porci\u00f3n del mercado est\u00e1 en 28%\u201d.<\/p>\n<p>Claramente, \u201ceste a\u00f1o el puerto ha operado en vol\u00famenes significativamente menores respecto al a\u00f1o pasado por una cuesti\u00f3n clim\u00e1tica, pero en el caso de Terminal Quequ\u00e9n a su vez hemos perdido un 10% de porci\u00f3n de mercado respecto a las otras terminales, que en el volumen operado entre diciembre y julio representa unas 300 mil toneladas, por causa de estas decisiones postergadas\u2026 los tiempos pol\u00edticos no son sim\u00e9tricos a las necesidades de las empresas y del sector privado\u201d.<\/p>\n<p>Ampli\u00f3 al respecto que \u201cesos tiempos pol\u00edticos retrasan las decisiones y ponen piedras en el camino que afectan en lo econ\u00f3mico\u201d, y ejemplific\u00f3 que \u201cpor estos d\u00edas hay clientes que nos consultan en qu\u00e9 situaci\u00f3n estamos, y como no podemos dar certezas lamentablemente tienen que buscar otras alternativas, que est\u00e1n sobre el mismo puerto o en puerto sustitutos donde pueden canalizar la carga\u201d.<\/p>\n<p>En cuanto a los trabajadores (este lunes junto al Secretario General Daniel Monjes se reunieron con el intendente Arturo Rojas) \u201cest\u00e1n preocupados porque conviven hace varios a\u00f1os con un escenario de incertidumbre y ese es el peor escenario para transitar el trabajo, de manera directa tenemos una n\u00f3mina de 100 roles, y de forma tercerizada contratamos anualmente unos 10 mil jornales, m\u00e1s los contratistas de obra\u201d, acot\u00f3 Arce.<\/p>\n<p>Desde su \u00f3ptica, dej\u00f3 bien en claro que la intenci\u00f3n es continuar explotando el elevador, pero opin\u00f3 que hizo falta ser m\u00e1s ejecutivos en las decisiones, al definir que \u201ces un proceso que se dilat\u00f3 en el tiempo quiz\u00e1 por la b\u00fasqueda de un ideal al que es complejo arribar, pero nosotros tenemos legitimidad y hemos operado con transparencia, somos reconocidos y hemos prestado un servicio p\u00fablico de calidad, que es el objetivo que se debe priorizar, y si se tiene un permisionario de esas caracter\u00edsticas, por qu\u00e9 no prorrogar un contrato\u201d, se pregunt\u00f3.<\/p>\n<p>Finalmente, habiendo transcurrido las elecciones PASO, Arce asegur\u00f3 que \u201cla \u00fanica certeza que tenemos es que debemos ser \u00e1giles del lado del Consorcio para dar un respuesta, porque cuanto m\u00e1s se dilaten las decisiones de ac\u00e1 a noviembre, m\u00e1s da\u00f1o se hace a una gesti\u00f3n sana de ese elevador. El directorio tiene que empezar a tratar el tema y dar una respuesta \u00e1gil, es lo que pide la actividad, que se resuelva r\u00e1pidamente\u201d.<\/p>\n","protected":false},"excerpt":{"rendered":"<p>As\u00ed lo se\u00f1al\u00f3 en \u201cVoces de la Ciudad\u201d Daniel Arce, director ejecutivo de Terminal Quequ\u00e9n SA, en torno a la situaci\u00f3n de incertidumbre que aqueja a los trabajadores del elevador, cuya pr\u00f3rroga de concesi\u00f3n vence en tres meses. Dicha sociedad an\u00f3nima cont\u00f3 con la concesi\u00f3n durante hace 30 a\u00f1os, la misma finaliz\u00f3 el a\u00f1o pasado [&hellip;]<\/p>\n","protected":false},"author":3,"featured_media":102932,"comment_status":"open","ping_status":"open","sticky":false,"template":"","format":"standard","meta":{"footnotes":""},"categories":[3],"tags":[],"class_list":["post-102931","post","type-post","status-publish","format-standard","has-post-thumbnail","category-masnoticias"],"_links":{"self":[{"href":"https:\/\/primicias2262.com\/noticias\/wp-json\/wp\/v2\/posts\/102931","targetHints":{"allow":["GET"]}}],"collection":[{"href":"https:\/\/primicias2262.com\/noticias\/wp-json\/wp\/v2\/posts"}],"about":[{"href":"https:\/\/primicias2262.com\/noticias\/wp-json\/wp\/v2\/types\/post"}],"author":[{"embeddable":true,"href":"https:\/\/primicias2262.com\/noticias\/wp-json\/wp\/v2\/users\/3"}],"replies":[{"embeddable":true,"href":"https:\/\/primicias2262.com\/noticias\/wp-json\/wp\/v2\/comments?post=102931"}],"version-history":[{"count":2,"href":"https:\/\/primicias2262.com\/noticias\/wp-json\/wp\/v2\/posts\/102931\/revisions"}],"predecessor-version":[{"id":102956,"href":"https:\/\/primicias2262.com\/noticias\/wp-json\/wp\/v2\/posts\/102931\/revisions\/102956"}],"wp:featuredmedia":[{"embeddable":true,"href":"https:\/\/primicias2262.com\/noticias\/wp-json\/wp\/v2\/media\/102932"}],"wp:attachment":[{"href":"https:\/\/primicias2262.com\/noticias\/wp-json\/wp\/v2\/media?parent=102931"}],"wp:term":[{"taxonomy":"category","embeddable":true,"href":"https:\/\/primicias2262.com\/noticias\/wp-json\/wp\/v2\/categories?post=102931"},{"taxonomy":"post_tag","embeddable":true,"href":"https:\/\/primicias2262.com\/noticias\/wp-json\/wp\/v2\/tags?post=102931"}],"curies":[{"name":"wp","href":"https:\/\/api.w.org\/{rel}","templated":true}]}}