{"id":102937,"date":"2023-08-16T17:00:07","date_gmt":"2023-08-16T17:00:07","guid":{"rendered":"https:\/\/primicias2262.com\/noticias\/?p=102937"},"modified":"2023-08-17T13:56:19","modified_gmt":"2023-08-17T13:56:19","slug":"intervino-el-ministerio-de-trabajo-y-ceso-la-protesta-en-el-puerto","status":"publish","type":"post","link":"https:\/\/primicias2262.com\/noticias\/intervino-el-ministerio-de-trabajo-y-ceso-la-protesta-en-el-puerto\/","title":{"rendered":"Intervino el Ministerio de Trabajo y ces\u00f3 la protesta en el puerto"},"content":{"rendered":"<p><strong>Fuente: El Ciudadano Necochea<\/strong><\/p>\n<p><strong>Hubo una reuni\u00f3n solicitada por los trabajadores de Terminal Quequ\u00e9n.<\/strong><\/p>\n<p>La intervenci\u00f3n del Ministerio de Trabajo de la Provincia de Buenos Aires, a trav\u00e9s de su delegada Natalia Steffen, deriv\u00f3 en que se pusiera fin a un paro en Puerto Quequ\u00e9n, llevado adelante por trabajadores durante la ma\u00f1ana de este mi\u00e9rcoles, llegando a bloquear los accesos a las terminales durante dos horas.<\/p>\n<p>Al mediod\u00eda se llev\u00f3 a cabo una reuni\u00f3n en la Delegaci\u00f3n del Ministerio de Trabajo bonaerense, solicitada por la asociaci\u00f3n que representa a los trabajadores de Terminal Quequ\u00e9n, conducida por Daniel Monjes.<\/p>\n<p>Lo que reclaman los trabajadores es que se agilice el proceso de licitaci\u00f3n para la explotaci\u00f3n del elevador portuario, en virtud de la incertidumbre que tienen, debido a que s\u00f3lo faltan tres meses para que expire la pr\u00f3rroga de un a\u00f1o que se le otorg\u00f3 a Terminal Quequ\u00e9n, el a\u00f1o pasado, cuando se venci\u00f3 la concesi\u00f3n que tuvo por el t\u00e9rmino de tres d\u00e9cadas.<\/p>\n<p>El martes, tanto Daniel Monjes como David Alvarez (del SUPA) fueron recibidos por Arturo Rojas, compartiendo los dirigentes gremiales y el intendente municipal su preocupaci\u00f3n por esta incertidumbre que tienen no s\u00f3lo los trabajadores, sino tambi\u00e9n los directivos de la empresa, que pretende continuar, para lo cual quiere participar en la licitaci\u00f3n a la que se llame.<\/p>\n<p>El gremio de Monjes pidi\u00f3 que se dicte una conciliaci\u00f3n obligatoria, lo cual ser\u00e1 evaluado por Natalia Steffen, tal cual lo revel\u00f3 esta \u00faltima a \u201cEl Ciudadano\u201d al ser consultada telef\u00f3nicamente minutos despu\u00e9s de la reuni\u00f3n.<\/p>\n<p>La cuesti\u00f3n es que, en este caso, no hay un conflicto laboral, ni incumplimiento de alguna de las partes, sino que es coincidente la preocupaci\u00f3n de trabajadores y empresarios por el hecho de que se demora el llamado a licitaci\u00f3n, con la incertidumbre que ello les genera.<\/p>\n<p>De la reuni\u00f3n encabezada por Steffen participaron Daniel Monjes y otros dirigentes gremiales; representantes de la empresa Terminal Quequ\u00e9n y el Consorcio de Gesti\u00f3n de Puerto Quequ\u00e9n, a trav\u00e9s de su apoderada legal Jorgelina Garc\u00eda.<\/p>\n<p>Adem\u00e1s de comunicar que evaluar\u00eda el pedido de conciliaci\u00f3n obligatoria, Natalia Steffen se comprometi\u00f3 a hacer gestiones para lograr reunirse con autoridades provinciales, a fin de consultar las razones por las cuales se ha generado esta demora del proceso licitatorio.<\/p>\n<p>Cabe recordar que tiempo atr\u00e1s desde el kirchnerismo se lanz\u00f3 la propuesta de estatizar el elevador, a punto tal que hubo incluso un\u00a0 proyecto en tal sentido promovido por la legisladora bonaerense Natalia S\u00e1nchez Jauregui.<\/p>\n<p>El ente portuario es la autoridad que debe hacer el llamado a licitaci\u00f3n. Y el presidente de ese organismo mixto (integra su directorio el sector privado) lo designa el gobernador bonaerense.<\/p>\n<p><strong>LA PROTESTA<\/strong><\/p>\n<p>La protesta se hab\u00eda iniciado a las siete de la ma\u00f1ana, con el bloqueo del acceso a todas terminales portuarias. A las 9 s\u00f3lo continu\u00f3 esa medida con relaci\u00f3n a Terminal Quequ\u00e9n. Y al mediod\u00eda de este mi\u00e9rcoles, en virtud de la intervenci\u00f3n del Ministerio de Trabajo, se liber\u00f3 totalmente el puerto.<\/p>\n<p>Aunque el personal de Terminal Quequ\u00e9n continu\u00f3 haciendo retenci\u00f3n de tareas, seg\u00fan se indic\u00f3 desde el Ministerio de Trabajo. Pero no afecta la operatividad de Puerto Quequ\u00e9n como lo hac\u00eda la medida de fuerza de las primeras horas de la ma\u00f1ana.<\/p>\n","protected":false},"excerpt":{"rendered":"<p>Fuente: El Ciudadano Necochea Hubo una reuni\u00f3n solicitada por los trabajadores de Terminal Quequ\u00e9n. La intervenci\u00f3n del Ministerio de Trabajo de la Provincia de Buenos Aires, a trav\u00e9s de su delegada Natalia Steffen, deriv\u00f3 en que se pusiera fin a un paro en Puerto Quequ\u00e9n, llevado adelante por trabajadores durante la ma\u00f1ana de este mi\u00e9rcoles, [&hellip;]<\/p>\n","protected":false},"author":3,"featured_media":102938,"comment_status":"open","ping_status":"open","sticky":false,"template":"","format":"standard","meta":{"footnotes":""},"categories":[3],"tags":[],"class_list":["post-102937","post","type-post","status-publish","format-standard","has-post-thumbnail","category-masnoticias"],"_links":{"self":[{"href":"https:\/\/primicias2262.com\/noticias\/wp-json\/wp\/v2\/posts\/102937","targetHints":{"allow":["GET"]}}],"collection":[{"href":"https:\/\/primicias2262.com\/noticias\/wp-json\/wp\/v2\/posts"}],"about":[{"href":"https:\/\/primicias2262.com\/noticias\/wp-json\/wp\/v2\/types\/post"}],"author":[{"embeddable":true,"href":"https:\/\/primicias2262.com\/noticias\/wp-json\/wp\/v2\/users\/3"}],"replies":[{"embeddable":true,"href":"https:\/\/primicias2262.com\/noticias\/wp-json\/wp\/v2\/comments?post=102937"}],"version-history":[{"count":1,"href":"https:\/\/primicias2262.com\/noticias\/wp-json\/wp\/v2\/posts\/102937\/revisions"}],"predecessor-version":[{"id":102939,"href":"https:\/\/primicias2262.com\/noticias\/wp-json\/wp\/v2\/posts\/102937\/revisions\/102939"}],"wp:featuredmedia":[{"embeddable":true,"href":"https:\/\/primicias2262.com\/noticias\/wp-json\/wp\/v2\/media\/102938"}],"wp:attachment":[{"href":"https:\/\/primicias2262.com\/noticias\/wp-json\/wp\/v2\/media?parent=102937"}],"wp:term":[{"taxonomy":"category","embeddable":true,"href":"https:\/\/primicias2262.com\/noticias\/wp-json\/wp\/v2\/categories?post=102937"},{"taxonomy":"post_tag","embeddable":true,"href":"https:\/\/primicias2262.com\/noticias\/wp-json\/wp\/v2\/tags?post=102937"}],"curies":[{"name":"wp","href":"https:\/\/api.w.org\/{rel}","templated":true}]}}