{"id":102940,"date":"2023-08-16T17:03:54","date_gmt":"2023-08-16T17:03:54","guid":{"rendered":"https:\/\/primicias2262.com\/noticias\/?p=102940"},"modified":"2023-08-16T17:03:54","modified_gmt":"2023-08-16T17:03:54","slug":"la-inflacion-fue-del-63-en-julio","status":"publish","type":"post","link":"https:\/\/primicias2262.com\/noticias\/la-inflacion-fue-del-63-en-julio\/","title":{"rendered":"La inflaci\u00f3n fue del 6,3 en julio"},"content":{"rendered":"<div class=\"col 2-col\">\n<div class=\"article-main-content article-text \">\n<p>En <b>julio la inflaci\u00f3n fue 6,3 por ciento mensual<\/b>, apenas 0,3 puntos por encima del dato del mes anterior, <a href=\"https:\/\/t.co\/AN372IQyuk\" target=\"_blank\" rel=\"noopener\">seg\u00fan inform\u00f3 el martes el Indec<\/a>. Pero la econom\u00eda vivi\u00f3 un sacud\u00f3n luego del resultado de las PASO y hoy d\u00eda las expectativas est\u00e1n puestas sobre <b>el dato de la inflaci\u00f3n de agosto, que podr\u00eda m\u00e1s que duplicar <\/b>la marca de julio, seg\u00fan estimaciones privadas, empujada por la devaluaci\u00f3n de los d\u00f3lares financieros. La variaci\u00f3n acumulada en los primeros siete meses del a\u00f1o sum\u00f3 60,2 por ciento, en tanto en el \u00faltimo a\u00f1o la suba fue de 113,4 por ciento.<\/p>\n<div align=\"center\">\n<div class=\"embedded-entity\" data-embed-button=\"media_image_button\" data-entity-embed-display=\"view_mode:media.single_media_image_460\" data-entity-type=\"media\" data-entity-uuid=\"ee9df264-e672-4ddc-8e5a-d4658278bea2\" data-langcode=\"es\">\n<article class=\"media media--type-image media--view-mode-single-media-image-460\">\n<div class=\"field field--name-field-media-image field--type-image field--label-hidden field__item\"><img loading=\"lazy\" decoding=\"async\" class=\"image-style-width960\" src=\"https:\/\/images.pagina12.com.ar\/styles\/width960\/public\/2023-08\/758527-f3l-mz4xsaat3u2.jpg?itok=u4sMJmXb\" width=\"960\" height=\"591\" \/><\/div>\n<\/article>\n<\/div>\n<\/div>\n<div id=\"talkFireEvent\"><\/div>\n<p>En julio volvieron a subir con fuerza algunas divisiones de Indice de Precios al Consumidor que hab\u00edan pesado en el dato de junio, como\u00a0<b>comunicaciones<\/b> y <b>recreaci\u00f3n y cultura<\/b>, que sobresalieron al duplicar el promedio del IPC <b>con marcas del 12,2 y 11,2 por ciento, respectivamente<\/b>. Las compa\u00f1\u00edas que centralizan el mercado de telefon\u00eda m\u00f3vil, internet y televisi\u00f3n por cable (o satelital) otra vez aplicaron aumentos de dos cifras a sus clientes, mientras la actualizaci\u00f3n sugerida por Enacom es del 4,5 por ciento. En tanto, en recreaci\u00f3n y cultura se registraron aumentos de dos d\u00edgitos en peri\u00f3dicos, diarios, revistas, libros y art\u00edculos de papeler\u00eda, que acumulan en lo que va del a\u00f1o un aumento mayor al IPC general y ronda el 78 por ciento en el promedio regional.<\/p>\n<div id=\"div-gpt-ad-inline\" data-google-query-id=\"CJn94KPU4YADFSaKgwgdTeYCjg\">\n<div id=\"google_ads_iframe_\/349353471\/p12_nota_TEADS_0__container__\"><iframe id=\"google_ads_iframe_\/349353471\/p12_nota_TEADS_0\" tabindex=\"0\" title=\"3rd party ad content\" role=\"region\" name=\"google_ads_iframe_\/349353471\/p12_nota_TEADS_0\" width=\"1\" height=\"1\" frameborder=\"0\" marginwidth=\"0\" marginheight=\"0\" scrolling=\"no\" aria-label=\"Advertisement\" data-google-container-id=\"4\" data-load-complete=\"true\" data-mce-fragment=\"1\"><\/iframe><\/div>\n<\/div>\n<div align=\"center\">\n<div class=\"embedded-entity\" data-embed-button=\"media_image_button\" data-entity-embed-display=\"view_mode:media.single_media_image_460\" data-entity-type=\"media\" data-entity-uuid=\"ee4e0a8d-16a1-4e56-9584-9363779a5f97\" data-langcode=\"es\">\n<article class=\"media media--type-image media--view-mode-single-media-image-460\">\n<div class=\"field field--name-field-media-image field--type-image field--label-hidden field__item\"><img loading=\"lazy\" decoding=\"async\" class=\"image-style-width960\" src=\"https:\/\/images.pagina12.com.ar\/styles\/width960\/public\/2023-08\/758527-f3mbzs2xuaaruum.jpg?itok=e8_z2ZCA\" width=\"960\" height=\"529\" \/><\/div>\n<\/article>\n<\/div>\n<\/div>\n<p>Las divisiones de <b>bebidas alcoh\u00f3licas y tabaco<\/b> as\u00ed como la de <b>salud<\/b> tuvieron aumentos del 9 por ciento mensual en julio. En dicho mes los cigarrillos aumentaron entre un 12 y 15 por ciento. En tanto, el rubro de salud acus\u00f3 un aumento del 8,7 en las prepagas (que fue el mayor verificado en lo que va del a\u00f1o) y en los medicamentos del 10 por ciento en el promedio regional (similar al mes pasado). El rubro de <b>hoteles y restaurants<\/b> completa la lista de aquellos aumentos por encima del nivel general pues subi\u00f3 7,5 por ciento respecto de junio.<\/p>\n<p>En tanto, ocurri\u00f3 al igual que en junio que la divisi\u00f3n de <b>alimentos y bebidas<\/b> creci\u00f3 por debajo del IPC general, con un registro del 5,8 por ciento, pero experimentando en julio una aceleraci\u00f3n respecto del mes anterior (cuando hab\u00edan subido 4,1 por ciento). Estos precios se vieron empujados principalmente por los <b>alimentos frescos<\/b>: como la papa y la cebolla (con subas del 34 y 20 por ciento mensual respectivamente), la banana y la lechuga (12 y 11 por ciento). Adem\u00e1s sobresalieron las subas del az\u00facar, el yogurt firme (17 por ciento), la leche y el arroz blanco (12 por ciento) y las gaseosas en base cola y el agua sin gas (9 por ciento) con datos para Gran Buenos Aires.<\/p>\n<div align=\"center\">\n<div class=\"embedded-entity\" data-embed-button=\"media_image_button\" data-entity-embed-display=\"view_mode:media.single_media_image_460\" data-entity-type=\"media\" data-entity-uuid=\"45f87151-dd10-4f22-abf4-3d3bb9b7da97\" data-langcode=\"es\">\n<article class=\"media media--type-image media--view-mode-single-media-image-460\">\n<div class=\"field field--name-field-media-image field--type-image field--label-hidden field__item\"><img loading=\"lazy\" decoding=\"async\" class=\"image-style-width960\" src=\"https:\/\/images.pagina12.com.ar\/styles\/width960\/public\/2023-08\/758527-f3mbpvywaaabdte.jpg?itok=yruF9kip\" width=\"960\" height=\"591\" \/><\/div>\n<\/article>\n<\/div>\n<\/div>\n<p>Cabe recordar que esta semana el gobierno negocia con las principales empresas del rubro de consumo masivo el aumento autorizado para los productos dentro del programa de <b>Precios Justos<\/b>. Desde la aceleraci\u00f3n de la devaluaci\u00f3n de los d\u00f3lares paralelos primero, luego de los d\u00f3lares diferenciales para importaciones y exportaciones por las medidas tomadas por el propio gobierno y por \u00faltimo del d\u00f3lar oficial el pasado lunes, el rubro de alimentos y bebidas se viene recalentando y posiblemente lidere la suba de agosto por el efecto adicional de un <b>ajuste no menor al 20 por ciento en el <a href=\"https:\/\/www.pagina12.com.ar\/573755-otro-precio-que-empezo-a-engordar\">precio mayorista de la carne<\/a><\/b>. El martes trascendi\u00f3 tambi\u00e9n que en medio de negociaciones encabezadas por el titular de Aduana, Guillermo Mitchell, y los principales frigor\u00edficos del pa\u00eds se suspender\u00edan las exportaciones de carne pero la medida <a href=\"https:\/\/www.pagina12.com.ar\/579070-el-gobierno-freno-la-exportacion-de-carne\">no prosper\u00f3<\/a> finalmente.<\/p>\n<p>La tendencia observada en mayo, junio y julio donde los <b>precios regulados crecieron por encima de los estacionales<\/b> (9 por ciento, 7,2 y 6,7 por ciento versus 6 por ciento, 1,8 y 5,1 por ciento respectivamente) se interrumpir\u00eda en agosto de la mano de una aceleraci\u00f3n brusca.<\/p>\n<h2><b>Agosto<\/b><\/h2>\n<p>De acuerdo a la consultora LCG el dato de <b>la inflaci\u00f3n de agosto rondar\u00e1 el 14 por ciento mensual<\/b>, acusando como se dijo el impacto de la devaluaci\u00f3n de los d\u00f3lares financieros e ilegal especialmente durante la primera semana del mes y el posterior salto del d\u00f3lar oficial del pasado lunes, as\u00ed como el aumento del precio de la carne y otros alimentos que siguen de cerca la evoluci\u00f3n cambiaria. <b>Para septiembre tambi\u00e9n pronostican una suba de dos d\u00edgitos<\/b> que hacia adelante podr\u00e1 \u201cestabilizarse\u201d en torno al 8 a 10 por ciento mensual, situaci\u00f3n que desde ya complica manifiestamente los planes electorales del oficialismo.<\/p>\n<p>En tanto desde el CESO tambi\u00e9n auguran una aceleraci\u00f3n de la inflaci\u00f3n en agosto y est\u00e1n relevando importantes <b>aumentos en productos importados<\/b> que tienen impacto en varias cadenas de valor, al igual que el aumento reciente de los <a href=\"https:\/\/www.pagina12.com.ar\/579104-combustibles-las-petroleras-aumentaron-un-25\">combustibles<\/a>. Tambi\u00e9n destacan el d\u00f3lar diferencial para las exportaciones de ma\u00edz que incidi\u00f3 sobre la cadena c\u00e1rnica.<\/p>\n<\/div>\n<\/div>\n","protected":false},"excerpt":{"rendered":"<p>En julio la inflaci\u00f3n fue 6,3 por ciento mensual, apenas 0,3 puntos por encima del dato del mes anterior, seg\u00fan inform\u00f3 el martes el Indec. Pero la econom\u00eda vivi\u00f3 un sacud\u00f3n luego del resultado de las PASO y hoy d\u00eda las expectativas est\u00e1n puestas sobre el dato de la inflaci\u00f3n de agosto, que podr\u00eda m\u00e1s [&hellip;]<\/p>\n","protected":false},"author":3,"featured_media":102941,"comment_status":"open","ping_status":"open","sticky":false,"template":"","format":"standard","meta":{"footnotes":""},"categories":[7],"tags":[],"class_list":{"0":"post-102940","1":"post","2":"type-post","3":"status-publish","4":"format-standard","5":"has-post-thumbnail","7":"category-nac"},"_links":{"self":[{"href":"https:\/\/primicias2262.com\/noticias\/wp-json\/wp\/v2\/posts\/102940","targetHints":{"allow":["GET"]}}],"collection":[{"href":"https:\/\/primicias2262.com\/noticias\/wp-json\/wp\/v2\/posts"}],"about":[{"href":"https:\/\/primicias2262.com\/noticias\/wp-json\/wp\/v2\/types\/post"}],"author":[{"embeddable":true,"href":"https:\/\/primicias2262.com\/noticias\/wp-json\/wp\/v2\/users\/3"}],"replies":[{"embeddable":true,"href":"https:\/\/primicias2262.com\/noticias\/wp-json\/wp\/v2\/comments?post=102940"}],"version-history":[{"count":1,"href":"https:\/\/primicias2262.com\/noticias\/wp-json\/wp\/v2\/posts\/102940\/revisions"}],"predecessor-version":[{"id":102942,"href":"https:\/\/primicias2262.com\/noticias\/wp-json\/wp\/v2\/posts\/102940\/revisions\/102942"}],"wp:featuredmedia":[{"embeddable":true,"href":"https:\/\/primicias2262.com\/noticias\/wp-json\/wp\/v2\/media\/102941"}],"wp:attachment":[{"href":"https:\/\/primicias2262.com\/noticias\/wp-json\/wp\/v2\/media?parent=102940"}],"wp:term":[{"taxonomy":"category","embeddable":true,"href":"https:\/\/primicias2262.com\/noticias\/wp-json\/wp\/v2\/categories?post=102940"},{"taxonomy":"post_tag","embeddable":true,"href":"https:\/\/primicias2262.com\/noticias\/wp-json\/wp\/v2\/tags?post=102940"}],"curies":[{"name":"wp","href":"https:\/\/api.w.org\/{rel}","templated":true}]}}