{"id":102945,"date":"2023-08-16T17:07:01","date_gmt":"2023-08-16T17:07:01","guid":{"rendered":"https:\/\/primicias2262.com\/noticias\/?p=102945"},"modified":"2023-08-16T17:07:01","modified_gmt":"2023-08-16T17:07:01","slug":"milei-ratifico-que-cerraria-el-conicet-y-abrio-una-polemica-con-el-gobierno-juntos-por-el-cambio-y-los-cientificos","status":"publish","type":"post","link":"https:\/\/primicias2262.com\/noticias\/milei-ratifico-que-cerraria-el-conicet-y-abrio-una-polemica-con-el-gobierno-juntos-por-el-cambio-y-los-cientificos\/","title":{"rendered":"Milei ratific\u00f3 que cerrar\u00eda el CONICET y abri\u00f3 una pol\u00e9mica con el Gobierno, Juntos por el Cambio y los cient\u00edficos"},"content":{"rendered":"<p>El candidato presidencial de La\u00a0Libertad Avanza, <a href=\"https:\/\/noticiasargentinas.com\/noticias\/etiqueta\/Milei\" target=\"_blank\" rel=\"noopener\"><strong>Javier Milei<\/strong><\/a>, ratific\u00f3 su decisi\u00f3n de implementar\u00a0un <strong>fuerte ajuste en la estructura estatal, incluido el CONICET<\/strong>, y\u00a0recibi\u00f3 <strong>duras cr\u00edticas tanto del Gobierno, como de Juntos por el\u00a0Cambio y los cient\u00edficos<\/strong>.<\/p>\n<p>Durante una entrevista en La Naci\u00f3n+, el ganador de las PASO\u00a0consider\u00f3 que el desarrollo de <strong>la ciencia debe quedar \u00aben manos\u00a0del sector privado\u00bb<\/strong>, por lo que el principal organismo del \u00e1rea\u00a0debe ser eliminado, al igual que la cartera actualmente conducida\u00a0por Daniel Filmus.<\/p>\n<p><strong>\u00abQue se ganen la plata sirviendo al pr\u00f3jimo con bienes de mejor\u00a0calidad y mejor precio. \u00bfQu\u00e9 productividad tienen? \u00bfQu\u00e9 han\u00a0generado? Ganar\u00e1s el pan con el sudor de tu frente\u00bb<\/strong>, sostuvo el\u00a0diputado nacional.<\/p>\n<p>Ante estas declaraciones, Filmus destac\u00f3 que en 2022 <strong>\u00abla\u00a0Econom\u00eda del Conocimiento ocup\u00f3 el tercer lugar en las\u00a0exportaciones de la Argentina\u00bb<\/strong> y subray\u00f3 que <strong>\u00aben todos los pa\u00edses\u00a0desarrollados del mundo la inversi\u00f3n en Ciencia y Tecnolog\u00eda es\u00a0prioridad\u00bb<\/strong>.<\/p>\n<p><strong>\u00abRetroceder en estas \u00e1reas implica una p\u00e9rdida enorme para toda\u00a0la sociedad\u00bb<\/strong>, alert\u00f3 el funcionario nacional.<\/p>\n<p><img loading=\"lazy\" decoding=\"async\" class=\" jch-lazyloaded\" src=\"https:\/\/noticiasargentinas.com\/images\/NA\/Contenidos\/Filmus.jpg\" alt=\"Filmus.jpg\" width=\"579\" height=\"155\" data-src=\"\/images\/NA\/Contenidos\/Filmus.jpg\" \/><\/p>\n<p>Por su parte, la <strong>cient\u00edfica Sandra Pitta<\/strong>, alineada con Juntos\u00a0por el Cambio, <strong>defendi\u00f3 al CONICET y se\u00f1al\u00f3 que \u00abla idea de\u00a0cerrarlo y no optimizarlo es p\u00e9sima\u00bb<\/strong>.<\/p>\n<p>Aunque <strong>lament\u00f3 la \u00abpartidizaci\u00f3n del organismo\u00bb,<\/strong>\u00a0remarc\u00f3 que <strong>Milei \u00abno se da cuenta de lo que significa un sistema\u00a0cient\u00edfico\u00bb<\/strong>.<\/p>\n<p>Asimismo, <strong>trabajadores del CONICET<\/strong> difundieron un comunicado\u00a0para se\u00f1alar que <strong>\u00abla ciencia no avanza en manos del sector\u00a0privado\u00bb<\/strong>.<\/p>\n<p><a href=\"https:\/\/noticiasargentinas.com\/politica\/la-insolita-amenaza-de-un-ministro-de-kicillof-si-gana-milei-se-van-a-tener-que-quedar-en-la-antartida\" target=\"_blank\" rel=\"noopener\">LE\u00c9:\u00a0La ins\u00f3lita amenaza de un ministro de Kicillof: \u00abSi gana Milei se van a tener que quedar en la Ant\u00e1rtida\u00bb<\/a><\/p>\n<p><strong>\u00abHay desarrollos important\u00edsimos que llevan d\u00e9cadas de\u00a0inversi\u00f3n estatal para que luego lleguen a desarrollos privados\u00bb<\/strong>,\u00a0indicaron.<\/p>\n<p>Y concluyeron: \u00abEl mejor ejemplo son las vacunas contra el\u00a0COVID: la inversi\u00f3n para desarrollarlas no vino de Pfizer, o\u00a0AstraZeneca, sino de los estados. Para el sector privado la\u00a0inversi\u00f3n era enorme y no se iba a recuperar. Toda la industria<br \/>\nm\u00e9dica, la espacial, la nuclear, es as\u00ed: sin los desarrollos\u00a0estatales no existir\u00eda. Y esto funciona as\u00ed en todo el mundo,\u00a0ning\u00fan pa\u00eds relevante prescinde de la inversi\u00f3n p\u00fablica en ciencia\u00a0y tecnolog\u00eda. <strong>El sistema cient\u00edfico en la Argentina tiene muchos\u00a0problemas<\/strong>, los hemos denunciado, pero <strong>cerrar el CONICET o\u00a0privatizarlo no es la soluci\u00f3n<\/strong>. <strong>Sin desarrollo cient\u00edfico y\u00a0tecnol\u00f3gico, la Argentina solo podr\u00e1 profundizar su\u00a0especializaci\u00f3n como productor primario<\/strong>, y ese es un pa\u00eds que solo\u00a0puede sostener a la mitad de su poblaci\u00f3n actual o menos. <strong>Necesitamos repensar el CONICET en funci\u00f3n de un nuevo\u00a0proyecto de pa\u00eds, que se inserte en el mundo exportando bienes de\u00a0alta tecnolog\u00eda<\/strong>\u00ab.<\/p>\n","protected":false},"excerpt":{"rendered":"<p>El candidato presidencial de La\u00a0Libertad Avanza, Javier Milei, ratific\u00f3 su decisi\u00f3n de implementar\u00a0un fuerte ajuste en la estructura estatal, incluido el CONICET, y\u00a0recibi\u00f3 duras cr\u00edticas tanto del Gobierno, como de Juntos por el\u00a0Cambio y los cient\u00edficos. Durante una entrevista en La Naci\u00f3n+, el ganador de las PASO\u00a0consider\u00f3 que el desarrollo de la ciencia debe quedar [&hellip;]<\/p>\n","protected":false},"author":3,"featured_media":102648,"comment_status":"open","ping_status":"open","sticky":false,"template":"","format":"standard","meta":{"footnotes":""},"categories":[7],"tags":[],"class_list":{"0":"post-102945","1":"post","2":"type-post","3":"status-publish","4":"format-standard","5":"has-post-thumbnail","7":"category-nac"},"_links":{"self":[{"href":"https:\/\/primicias2262.com\/noticias\/wp-json\/wp\/v2\/posts\/102945","targetHints":{"allow":["GET"]}}],"collection":[{"href":"https:\/\/primicias2262.com\/noticias\/wp-json\/wp\/v2\/posts"}],"about":[{"href":"https:\/\/primicias2262.com\/noticias\/wp-json\/wp\/v2\/types\/post"}],"author":[{"embeddable":true,"href":"https:\/\/primicias2262.com\/noticias\/wp-json\/wp\/v2\/users\/3"}],"replies":[{"embeddable":true,"href":"https:\/\/primicias2262.com\/noticias\/wp-json\/wp\/v2\/comments?post=102945"}],"version-history":[{"count":1,"href":"https:\/\/primicias2262.com\/noticias\/wp-json\/wp\/v2\/posts\/102945\/revisions"}],"predecessor-version":[{"id":102946,"href":"https:\/\/primicias2262.com\/noticias\/wp-json\/wp\/v2\/posts\/102945\/revisions\/102946"}],"wp:featuredmedia":[{"embeddable":true,"href":"https:\/\/primicias2262.com\/noticias\/wp-json\/wp\/v2\/media\/102648"}],"wp:attachment":[{"href":"https:\/\/primicias2262.com\/noticias\/wp-json\/wp\/v2\/media?parent=102945"}],"wp:term":[{"taxonomy":"category","embeddable":true,"href":"https:\/\/primicias2262.com\/noticias\/wp-json\/wp\/v2\/categories?post=102945"},{"taxonomy":"post_tag","embeddable":true,"href":"https:\/\/primicias2262.com\/noticias\/wp-json\/wp\/v2\/tags?post=102945"}],"curies":[{"name":"wp","href":"https:\/\/api.w.org\/{rel}","templated":true}]}}