{"id":102950,"date":"2023-08-17T13:55:56","date_gmt":"2023-08-17T13:55:56","guid":{"rendered":"https:\/\/primicias2262.com\/noticias\/?p=102950"},"modified":"2023-08-18T16:28:09","modified_gmt":"2023-08-18T16:28:09","slug":"necesito-imperiosamente-tener-mas-concejales-para-poder-gobernar-en-el-segundo-periodo","status":"publish","type":"post","link":"https:\/\/primicias2262.com\/noticias\/necesito-imperiosamente-tener-mas-concejales-para-poder-gobernar-en-el-segundo-periodo\/","title":{"rendered":"\u201cNecesito imperiosamente tener m\u00e1s concejales para poder gobernar en el segundo periodo\u201d"},"content":{"rendered":"<p><strong>Manteniendo la cautela con que se dirigi\u00f3 pos triunfo en las PASO, el intendente de Necochea, Arturo Rojas, manifest\u00f3 que lamentablemente los n\u00fameros obtenidos en las PASO alcanzar\u00edan para ganar por amplio margen pero no para revertir una minor\u00eda en el Concejo Deliberante, y estim\u00f3 que en octubre necesita bastante m\u00e1s de 30 mil votos a favor.<\/strong><\/p>\n<p>En una nota telef\u00f3nica realizada por el periodista Jorge G\u00f3mez en \u201cVoces de la Ciudad\u201d, el intendente de Necochea \u00a0primeramente valor\u00f3 que \u201ctengo que agradecer a los vecinos que nos dieron el voto de confianza y el caudal de votos result\u00f3 un espaldarazo\u201d, pero enseguida alert\u00f3 que \u201chay que decirle a la ciudadan\u00eda que lamentablemente con estos resultados no nos alcanza\u201d.<\/p>\n<p>En todo caso, \u201cnos alcanza para ganar una elecci\u00f3n, pero no me alcanza para los concejales que yo necesito para poder gobernar en el segundo mandato y poder avanzar con los proyectos que tenemos\u201d, dej\u00f3 bien en claro Rojas.<\/p>\n<p>Record\u00f3 que \u201cla elecci\u00f3n anterior, la de 2021, fue muy repartida y me qued\u00e9 con pocos concejales (tres), y con estos n\u00fameros del domingo pasado aunque parezca una diferencia muy grande en t\u00e9rminos de porcentajes, yo me quedar\u00eda con una absoluta minor\u00eda en el Concejo Deliberante\u201d, argument\u00f3, por lo cual enfatiz\u00f3: \u201cYa no hay nada que festejar, estamos preocupados y vamos a redoblar y triplicar esfuerzos yendo a buscar m\u00e1s votos, explic\u00e1ndole a la gente que para un segundo mandato no da lo mismo estar en minor\u00eda en el Concejo que tener los legisladores que necesito para que me acompa\u00f1en en los proyectos\u201d.<\/p>\n<p><a href=\"https:\/\/primicias2262.com\/noticias\/wp-content\/uploads\/2023\/08\/03-08-FOTO-Rojas-Acto-Aniversario-Quequen.jpeg\"><img loading=\"lazy\" decoding=\"async\" class=\"aligncenter size-large wp-image-102542\" src=\"https:\/\/primicias2262.com\/noticias\/wp-content\/uploads\/2023\/08\/03-08-FOTO-Rojas-Acto-Aniversario-Quequen-1024x682.jpeg\" alt=\"\" width=\"696\" height=\"464\" srcset=\"https:\/\/primicias2262.com\/noticias\/wp-content\/uploads\/2023\/08\/03-08-FOTO-Rojas-Acto-Aniversario-Quequen-1024x682.jpeg 1024w, https:\/\/primicias2262.com\/noticias\/wp-content\/uploads\/2023\/08\/03-08-FOTO-Rojas-Acto-Aniversario-Quequen-300x200.jpeg 300w, https:\/\/primicias2262.com\/noticias\/wp-content\/uploads\/2023\/08\/03-08-FOTO-Rojas-Acto-Aniversario-Quequen-768x512.jpeg 768w, https:\/\/primicias2262.com\/noticias\/wp-content\/uploads\/2023\/08\/03-08-FOTO-Rojas-Acto-Aniversario-Quequen-1536x1023.jpeg 1536w, https:\/\/primicias2262.com\/noticias\/wp-content\/uploads\/2023\/08\/03-08-FOTO-Rojas-Acto-Aniversario-Quequen-150x100.jpeg 150w, https:\/\/primicias2262.com\/noticias\/wp-content\/uploads\/2023\/08\/03-08-FOTO-Rojas-Acto-Aniversario-Quequen-696x464.jpeg 696w, https:\/\/primicias2262.com\/noticias\/wp-content\/uploads\/2023\/08\/03-08-FOTO-Rojas-Acto-Aniversario-Quequen-1068x712.jpeg 1068w, https:\/\/primicias2262.com\/noticias\/wp-content\/uploads\/2023\/08\/03-08-FOTO-Rojas-Acto-Aniversario-Quequen.jpeg 1600w\" sizes=\"auto, (max-width: 696px) 100vw, 696px\" \/><\/a>Seguidamente, record\u00f3 que \u201cya hemos visto que hay sectores que se oponen rotundamente a cualquier proyecto que bajados al Concejo Deliberante, entonces le pediremos a la gente que vot\u00f3 en alguna interna en contra de alguien o a los que no fueron a votar que nos den ese voto de confianza porque necesito m\u00e1s cantidad de concejales para poder avanzar con los proyectos\u201d. Apunt\u00f3 a la concientizaci\u00f3n en ese sentido al repasar que hubo 4 mil votos en blanco y casi 900 nulos, y \u201cson peque\u00f1os porcentajes que te definen un concejal m\u00e1s o uno menos\u201d.<\/p>\n<p>Insisti\u00f3 el Intendente en que \u201cser\u00eda triste y muy complicado ganar una elecci\u00f3n que en los n\u00fameros parece abultada pero que har\u00eda quedarme con absoluta minor\u00eda en el Concejo y que eso me ate las manos y le ponga freno a la gesti\u00f3n, por eso fui muy cauteloso el domingo y ya al d\u00eda siguiente est\u00e1bamos trabajando de nuevo. Necesito imperiosamente tener m\u00e1s concejales para poder gobernar en el segundo periodo\u201d, y para ello \u201ctengo que estar por arriba de los 30 mil votos en octubre, bastante m\u00e1s\u201d, asegur\u00f3.<\/p>\n<p>En cuanto a nombres propios, Rojas analiz\u00f3 que \u201cla segunda fuerza que hoy est\u00e1 con chances reales de poder ingresar en octubre algunos concejales m\u00e1s es Juntos por el Cambio, de acuerdo al caudal de votos que tengan, y sabemos a qui\u00e9n responden esos concejales: son todos de extracci\u00f3n radical y van estar en ese bloque\u2026 no lo critico porque es una cuesti\u00f3n ideol\u00f3gica de ellos y de pertenencia, pero es un sector que, por citar solo un ejemplo, se ha opuesto f\u00e9rreamente a la venta del Casino, plante\u00e1ndonos en su momento que no ten\u00edamos la escritura, es decir, buscan vericuetos legales para intentar frenar cosas que para nosotros son trascendentales\u201d.<\/p>\n","protected":false},"excerpt":{"rendered":"<p>Manteniendo la cautela con que se dirigi\u00f3 pos triunfo en las PASO, el intendente de Necochea, Arturo Rojas, manifest\u00f3 que lamentablemente los n\u00fameros obtenidos en las PASO alcanzar\u00edan para ganar por amplio margen pero no para revertir una minor\u00eda en el Concejo Deliberante, y estim\u00f3 que en octubre necesita bastante m\u00e1s de 30 mil votos [&hellip;]<\/p>\n","protected":false},"author":3,"featured_media":101548,"comment_status":"open","ping_status":"open","sticky":false,"template":"","format":"standard","meta":{"footnotes":""},"categories":[3],"tags":[],"class_list":["post-102950","post","type-post","status-publish","format-standard","has-post-thumbnail","category-masnoticias"],"_links":{"self":[{"href":"https:\/\/primicias2262.com\/noticias\/wp-json\/wp\/v2\/posts\/102950","targetHints":{"allow":["GET"]}}],"collection":[{"href":"https:\/\/primicias2262.com\/noticias\/wp-json\/wp\/v2\/posts"}],"about":[{"href":"https:\/\/primicias2262.com\/noticias\/wp-json\/wp\/v2\/types\/post"}],"author":[{"embeddable":true,"href":"https:\/\/primicias2262.com\/noticias\/wp-json\/wp\/v2\/users\/3"}],"replies":[{"embeddable":true,"href":"https:\/\/primicias2262.com\/noticias\/wp-json\/wp\/v2\/comments?post=102950"}],"version-history":[{"count":1,"href":"https:\/\/primicias2262.com\/noticias\/wp-json\/wp\/v2\/posts\/102950\/revisions"}],"predecessor-version":[{"id":102951,"href":"https:\/\/primicias2262.com\/noticias\/wp-json\/wp\/v2\/posts\/102950\/revisions\/102951"}],"wp:featuredmedia":[{"embeddable":true,"href":"https:\/\/primicias2262.com\/noticias\/wp-json\/wp\/v2\/media\/101548"}],"wp:attachment":[{"href":"https:\/\/primicias2262.com\/noticias\/wp-json\/wp\/v2\/media?parent=102950"}],"wp:term":[{"taxonomy":"category","embeddable":true,"href":"https:\/\/primicias2262.com\/noticias\/wp-json\/wp\/v2\/categories?post=102950"},{"taxonomy":"post_tag","embeddable":true,"href":"https:\/\/primicias2262.com\/noticias\/wp-json\/wp\/v2\/tags?post=102950"}],"curies":[{"name":"wp","href":"https:\/\/api.w.org\/{rel}","templated":true}]}}