{"id":102952,"date":"2023-08-17T16:10:14","date_gmt":"2023-08-17T16:10:14","guid":{"rendered":"https:\/\/primicias2262.com\/noticias\/?p=102952"},"modified":"2023-08-18T16:04:00","modified_gmt":"2023-08-18T16:04:00","slug":"juntos-por-el-cambio-perdio-mas-de-10-mil-votos-de-la-eleccion-pasada-a-esta-porque-no-hay-liderazgo-de-ningun-candidato","status":"publish","type":"post","link":"https:\/\/primicias2262.com\/noticias\/juntos-por-el-cambio-perdio-mas-de-10-mil-votos-de-la-eleccion-pasada-a-esta-porque-no-hay-liderazgo-de-ningun-candidato\/","title":{"rendered":"\u201cJuntos por el Cambio perdi\u00f3 m\u00e1s de 10 mil votos de la elecci\u00f3n pasada a esta porque no hay liderazgo de ning\u00fan candidato\u201d"},"content":{"rendered":"<p><strong>As\u00ed lo afirm\u00f3 la concejal radical que completa su mandato a fin de a\u00f1o, Felicitas Cabret\u00f3n, con una clara cr\u00edtica no solo al radicalismo al que pertenece, sino a todas las coaliciones de Juntos, reconociendo que a pesar de las diferencias que tiene con la gesti\u00f3n de Arturo Rojas, el intendente ha hecho que la ciudadan\u00eda se sienta favorecida.<\/strong><\/p>\n<p>Su opini\u00f3n y an\u00e1lisis pos elecciones PASO en Necochea la edil lo brind\u00f3 en \u201cVoces de la Ciudad\u201d, en nota con el periodista Jorge G\u00f3mez, donde comenz\u00f3 reconociendo que \u201clas elecciones fueron absolutamente sorprendentes en todos los \u00f3rdenes, y una vez m\u00e1s el radicalismo vuelve a llegar a las generales de octubre sin una candidatura a intendente propia\u201d.<\/p>\n<p>\u201cCuando analizamos la performance de Juntos por el Cambio en el distrito de 2015 a la fecha, el radicalismo ha ido individualmente perdiendo cada vez m\u00e1s la esencia y la cantidad de votantes\u201d, se\u00f1al\u00f3, para argumentar que \u201ctiene que ver con el fen\u00f3meno Milei y tambi\u00e9n con que el votante radical ya no se siente representado por el radicalismo y evidentemente elige otras opciones\u201d.<\/p>\n<p>Mirando expresamente el orden local del hist\u00f3rico partido creado por Leandro Alem, Cabret\u00f3n manifest\u00f3 que \u201cel radicalismo no aprendi\u00f3 del debate sincero que deb\u00eda dar ya de cuando perdi\u00f3 Daniel Molina en 2011\u2026 se ha ido en sucesivas bajas en elecciones donde no se ha logrado consolidar un proyecto radical para que la ciudadan\u00eda nos vuelva a ver como una opci\u00f3n de poder, y eso es producto de que no hay una fuerte autocr\u00edtica ni un debate positivo en el partido, y de esto son responsables las autoridades partidarias\u201d, hoy con Carola Bertoldi a la cabeza.<\/p>\n<p>Indic\u00f3 que desde la agrupaci\u00f3n \u2018Elvira Rawson\u2019 que integra \u201cten\u00edamos expectativas ciertas de competir, trabajamos en ese sentido e hicimos mediciones, pero cuando vimos c\u00f3mo se ven\u00eda dando la situaci\u00f3n local en el radicalismo dijimos de irnos al costado y no participar, pero las PASO pasaron y se ve que el radicalismo no tiene un candidato propio para disputar la intendencia, con lo cual creo que despu\u00e9s de octubre nos debemos un debate al que debe convocar las autoridades partidarias\u201d.<\/p>\n<p>Siguiendo con la autocr\u00edtica, pronunci\u00f3 que \u201cla fragmentaci\u00f3n que tenemos en el radicalismo local ha hecho que se llegue a estas consecuencias, que la gente no pueda identificar cu\u00e1l es el proyecto radical. Quiz\u00e1 a Dami\u00e1n (Unibaso) le falt\u00f3 instalaci\u00f3n previa, una conducci\u00f3n previa y eso es consecuencia de un proceso interno del radicalismo que viene de hace tiempo, lo cual se mide en los resultados electorales\u201d.<\/p>\n<p>En cuanto a una mirada m\u00e1s general, la concejal asegur\u00f3 que \u201cahora las coaliciones tienen que estar alerta, ya que autoestima les sobra pero les falta humildad, tienen que empezar a dejar de mirarse en el propio espejo y saber que la selfie no es tan importante como poder caminar e interpretar lo que le pasa a la gente, que vot\u00f3 de norte a sur un proyecto pol\u00edtico violento y que no tiene nada que ver con lo que somos los argentinos\u201d, en referencia al l\u00edder de La Libertad Avanza, Javier Milei.<\/p>\n<p>Finalmente, Cabret\u00f3n dedic\u00f3 un p\u00e1rrafo a la victoria de Rojas en Necochea. \u201cLa gente cuando vota busca liderazgo y confiar en alguien que va a llevar adelante el gobierno, y m\u00e1s all\u00e1 de que tengo un mont\u00f3n de diferencias con la gesti\u00f3n de Arturo Rojas, ha sabido conducir el municipio de manera que la gente pueda percibir que ha habido cambios en la ciudad, se ha sentido favorecida y hay una enorme responsabilidad, mientras que Juntos por el Cambio no pudo sintetizar en un liderazgo capaz de poder enfrentar y ser una opci\u00f3n frente al liderazgo de Rojas\u201d.<\/p>\n<p>\u201cJuntos por el Cambio perdi\u00f3 m\u00e1s de 10 mil votos de la elecci\u00f3n pasada a esta porque no hay liderazgo claro de ning\u00fan candidato, y lo de Pablo Nosek fue de arrastre por Milei\u201d, concluy\u00f3.<\/p>\n","protected":false},"excerpt":{"rendered":"<p>As\u00ed lo afirm\u00f3 la concejal radical que completa su mandato a fin de a\u00f1o, Felicitas Cabret\u00f3n, con una clara cr\u00edtica no solo al radicalismo al que pertenece, sino a todas las coaliciones de Juntos, reconociendo que a pesar de las diferencias que tiene con la gesti\u00f3n de Arturo Rojas, el intendente ha hecho que la [&hellip;]<\/p>\n","protected":false},"author":3,"featured_media":101425,"comment_status":"open","ping_status":"open","sticky":false,"template":"","format":"standard","meta":{"footnotes":""},"categories":[3],"tags":[],"class_list":["post-102952","post","type-post","status-publish","format-standard","has-post-thumbnail","category-masnoticias"],"_links":{"self":[{"href":"https:\/\/primicias2262.com\/noticias\/wp-json\/wp\/v2\/posts\/102952","targetHints":{"allow":["GET"]}}],"collection":[{"href":"https:\/\/primicias2262.com\/noticias\/wp-json\/wp\/v2\/posts"}],"about":[{"href":"https:\/\/primicias2262.com\/noticias\/wp-json\/wp\/v2\/types\/post"}],"author":[{"embeddable":true,"href":"https:\/\/primicias2262.com\/noticias\/wp-json\/wp\/v2\/users\/3"}],"replies":[{"embeddable":true,"href":"https:\/\/primicias2262.com\/noticias\/wp-json\/wp\/v2\/comments?post=102952"}],"version-history":[{"count":2,"href":"https:\/\/primicias2262.com\/noticias\/wp-json\/wp\/v2\/posts\/102952\/revisions"}],"predecessor-version":[{"id":102991,"href":"https:\/\/primicias2262.com\/noticias\/wp-json\/wp\/v2\/posts\/102952\/revisions\/102991"}],"wp:featuredmedia":[{"embeddable":true,"href":"https:\/\/primicias2262.com\/noticias\/wp-json\/wp\/v2\/media\/101425"}],"wp:attachment":[{"href":"https:\/\/primicias2262.com\/noticias\/wp-json\/wp\/v2\/media?parent=102952"}],"wp:term":[{"taxonomy":"category","embeddable":true,"href":"https:\/\/primicias2262.com\/noticias\/wp-json\/wp\/v2\/categories?post=102952"},{"taxonomy":"post_tag","embeddable":true,"href":"https:\/\/primicias2262.com\/noticias\/wp-json\/wp\/v2\/tags?post=102952"}],"curies":[{"name":"wp","href":"https:\/\/api.w.org\/{rel}","templated":true}]}}