{"id":102954,"date":"2023-08-17T17:17:28","date_gmt":"2023-08-17T17:17:28","guid":{"rendered":"https:\/\/primicias2262.com\/noticias\/?p=102954"},"modified":"2023-08-18T16:43:21","modified_gmt":"2023-08-18T16:43:21","slug":"el-obispo-gabriel-mestre-se-definio-con-sentimientos-encontrados-antes-de-partir-a-la-plata","status":"publish","type":"post","link":"https:\/\/primicias2262.com\/noticias\/el-obispo-gabriel-mestre-se-definio-con-sentimientos-encontrados-antes-de-partir-a-la-plata\/","title":{"rendered":"El obispo Gabriel Mestre se defini\u00f3 \u201ccon sentimientos encontrados\u201d antes de partir a La Plata"},"content":{"rendered":"<p><strong>En una nota telef\u00f3nica realizada por el periodista Jorge G\u00f3mez en \u201cVoces de la Ciudad\u201d, el obispo de Mar del Plata, Gabriel Mestre, cont\u00f3 sus sensaciones al transitar por los \u00faltimos d\u00edas al frente de la Di\u00f3cesis regional para pasar al arzobispado de La Plata, tras recibir dicho nombramiento desde el Vaticano.<\/strong><\/p>\n<p>\u201cEstoy con sentimientos encontrados, por un lado con la alegr\u00eda por asumir en un nuevo servicio que me enorgullece y me plantea desaf\u00edos a futuro en un lugar distinto y con una estructura m\u00e1s grande, y a la vez con el dolor de dejar Mar del Plata porque no solo he sido el obispo de all\u00ed, sino que he sido cura, di\u00e1cono, seminarista, joven y ni\u00f1o de la Di\u00f3cesis de Mar del Plata, es mi h\u00e1bitat natural y mi tierra, y significa un desgarr\u00f3n interior irme, pero desde la fe y con cumplir la voluntad de Dios uno lo vive con confianza\u201d, analiz\u00f3 con la profundidad que lo caracteriza.<\/p>\n<p>Al mirar hacia nuestra ciudad, Mestre manifest\u00f3 que \u201clas comunidades de Necochea est\u00e1n en mi coraz\u00f3n\u2026 siento a Necochea y Quequ\u00e9n profundamente como parte de mi coraz\u00f3n, poblacionalmente es la segunda ciudad de la Di\u00f3cesis, y eso implica lo que tiene que ver con lo educativo, social, \u00a0pastoral, industrial y ciudadano, y nunca experiment\u00e9 diferencias en mi coraz\u00f3n en ning\u00fan rinc\u00f3n de la Di\u00f3cesis, ya fuera en Necochea, Madariaga, Coronel Vidal o en la misma Mar del Plata\u201d.<\/p>\n<p>A la hora de realizar un balance de su obispado, describi\u00f3 que \u201cme siento satisfecho, consciente de mi fragilidad humana y sabedor de que pod\u00eda haber hecho mucho m\u00e1s, pero parto de la base que estoy satisfecho, a pesar de mi fragilidad humana\u201d, tras lo cual asegur\u00f3 que \u201cquedan muchas cosas por hacer que el nuevo pastor podr\u00e1 profundizar y llevar adelante gracias al buen equipo de curas, laicos y religiosos\/as que hay\u201d.<\/p>\n<p>En ese sentido, afirm\u00f3 Mestre que \u201cen la Di\u00f3cesis de Mar del Plata hay equipo, y cuando hay equipo el Obispo puede llevar mucho mejor su tarea adelante, por eso soy un profundo agradecido del servicio y la tarea que han realizado los laicos\u201d.<\/p>\n<p>Para concluir, no pod\u00eda dejar de ofrecer su mirada sobre la realidad actual argentina. \u201cLos desaf\u00edos son los mismos siempre y el horizonte eleccionario nos hace poner m\u00e1s en foco, pero el mensaje es el de la doctrina social de la iglesia de siempre: la iglesia apuesta por el bien com\u00fan de todos los argentinos, tratando de tener una mirada particular de protecci\u00f3n de los m\u00e1s d\u00e9biles, los m\u00e1s pobres, descartados y ca\u00eddos del sistema\u201d.<\/p>\n<p>Todo ello \u201csobre la base de la cultura del di\u00e1logo y el encuentro, que son las banderas que plantea el Papa Francisco y que desde mi trabajo siempre he tratado de defender, intentando acercar posiciones y buscando consensos, que es la mejor manera de transitar esta realidad dif\u00edcil con pobreza, inflaci\u00f3n y exclusi\u00f3n\u201d.<\/p>\n","protected":false},"excerpt":{"rendered":"<p>En una nota telef\u00f3nica realizada por el periodista Jorge G\u00f3mez en \u201cVoces de la Ciudad\u201d, el obispo de Mar del Plata, Gabriel Mestre, cont\u00f3 sus sensaciones al transitar por los \u00faltimos d\u00edas al frente de la Di\u00f3cesis regional para pasar al arzobispado de La Plata, tras recibir dicho nombramiento desde el Vaticano. \u201cEstoy con sentimientos [&hellip;]<\/p>\n","protected":false},"author":3,"featured_media":102955,"comment_status":"open","ping_status":"open","sticky":false,"template":"","format":"standard","meta":{"footnotes":""},"categories":[3],"tags":[],"class_list":["post-102954","post","type-post","status-publish","format-standard","has-post-thumbnail","category-masnoticias"],"_links":{"self":[{"href":"https:\/\/primicias2262.com\/noticias\/wp-json\/wp\/v2\/posts\/102954","targetHints":{"allow":["GET"]}}],"collection":[{"href":"https:\/\/primicias2262.com\/noticias\/wp-json\/wp\/v2\/posts"}],"about":[{"href":"https:\/\/primicias2262.com\/noticias\/wp-json\/wp\/v2\/types\/post"}],"author":[{"embeddable":true,"href":"https:\/\/primicias2262.com\/noticias\/wp-json\/wp\/v2\/users\/3"}],"replies":[{"embeddable":true,"href":"https:\/\/primicias2262.com\/noticias\/wp-json\/wp\/v2\/comments?post=102954"}],"version-history":[{"count":1,"href":"https:\/\/primicias2262.com\/noticias\/wp-json\/wp\/v2\/posts\/102954\/revisions"}],"predecessor-version":[{"id":102957,"href":"https:\/\/primicias2262.com\/noticias\/wp-json\/wp\/v2\/posts\/102954\/revisions\/102957"}],"wp:featuredmedia":[{"embeddable":true,"href":"https:\/\/primicias2262.com\/noticias\/wp-json\/wp\/v2\/media\/102955"}],"wp:attachment":[{"href":"https:\/\/primicias2262.com\/noticias\/wp-json\/wp\/v2\/media?parent=102954"}],"wp:term":[{"taxonomy":"category","embeddable":true,"href":"https:\/\/primicias2262.com\/noticias\/wp-json\/wp\/v2\/categories?post=102954"},{"taxonomy":"post_tag","embeddable":true,"href":"https:\/\/primicias2262.com\/noticias\/wp-json\/wp\/v2\/tags?post=102954"}],"curies":[{"name":"wp","href":"https:\/\/api.w.org\/{rel}","templated":true}]}}