{"id":102958,"date":"2023-08-17T17:48:37","date_gmt":"2023-08-17T17:48:37","guid":{"rendered":"https:\/\/primicias2262.com\/noticias\/?p=102958"},"modified":"2023-08-18T16:55:19","modified_gmt":"2023-08-18T16:55:19","slug":"farmacias-reportan-problemas-para-reponer-los-medicamentos-a-diario","status":"publish","type":"post","link":"https:\/\/primicias2262.com\/noticias\/farmacias-reportan-problemas-para-reponer-los-medicamentos-a-diario\/","title":{"rendered":"Farmacias reportan problemas para reponer los medicamentos a diario"},"content":{"rendered":"<p>Mediante un comunicado, la filial Necochea del Colegio de Farmac\u00e9uticos de la provincia de Buenos Aires manifest\u00f3 que \u00abtenemos <strong>problemas en la reposici\u00f3n de los medicamentos que dispensamos a nuestra comunidad cada d\u00eda,<\/strong> por causas ajenas a nosotros\u00bb.<\/p>\n<p><strong>Luego, explicaron la situaci\u00f3n con las siguientes l\u00edneas:<\/strong><\/p>\n<p>\u201cComo el pa\u00eds atraviesa un stress inflacionario, los laboratorios productores de medicamentos aumentan los precios de venta de los medicamentos. A su vez, las droguer\u00edas que nos proveen de esos medicamentos han alterado las condiciones de compra para la reposici\u00f3n diaria (afectando el cr\u00e9dito y unidades a reponer), a ello se suman los extensos plazos de pago de las obras sociales y prepagas, convenidos en un contexto econ\u00f3mico nacional completamente diferente\u201d indicaron, aclarando que \u201cla combinaci\u00f3n de estos tres factores est\u00e1 afectando al servicio farmac\u00e9utico, la atenci\u00f3n de sus pacientes y los recursos de las farmacias\u201d.<\/p>\n<p>Seg\u00fan explicaron, en los \u00faltimos d\u00edas ha sido notable como la coyuntura econ\u00f3mica nacional impact\u00f3 en la lista de precios que elaboran diariamente los laboratorios y entregan las droguer\u00edas. \u201cTodos estos cambios para resguardar sus intereses afectar\u00e1n al servicio farmac\u00e9utico y el acceso de nuestros vecinos a sus medicamentos y tratamientos, ya sean adquiridos a trav\u00e9s de la seguridad social (obras sociales y prepagas) o en forma privada\u201d advirtieron.<\/p>\n<p>Finalmente, aclararon que mientras dure esta crisis en la producci\u00f3n y distribuci\u00f3n de medicamentos, estar\u00e1n en estado de emergencia y podr\u00e1n ver en las farmacias bonaerenses un mensaje que aclara que est\u00e1n atendiendo con el stock disponible de la farmacia.<\/p>\n","protected":false},"excerpt":{"rendered":"<p>Mediante un comunicado, la filial Necochea del Colegio de Farmac\u00e9uticos de la provincia de Buenos Aires manifest\u00f3 que \u00abtenemos problemas en la reposici\u00f3n de los medicamentos que dispensamos a nuestra comunidad cada d\u00eda, por causas ajenas a nosotros\u00bb. Luego, explicaron la situaci\u00f3n con las siguientes l\u00edneas: \u201cComo el pa\u00eds atraviesa un stress inflacionario, los laboratorios [&hellip;]<\/p>\n","protected":false},"author":3,"featured_media":102960,"comment_status":"open","ping_status":"open","sticky":false,"template":"","format":"standard","meta":{"footnotes":""},"categories":[3],"tags":[],"class_list":["post-102958","post","type-post","status-publish","format-standard","has-post-thumbnail","category-masnoticias"],"_links":{"self":[{"href":"https:\/\/primicias2262.com\/noticias\/wp-json\/wp\/v2\/posts\/102958","targetHints":{"allow":["GET"]}}],"collection":[{"href":"https:\/\/primicias2262.com\/noticias\/wp-json\/wp\/v2\/posts"}],"about":[{"href":"https:\/\/primicias2262.com\/noticias\/wp-json\/wp\/v2\/types\/post"}],"author":[{"embeddable":true,"href":"https:\/\/primicias2262.com\/noticias\/wp-json\/wp\/v2\/users\/3"}],"replies":[{"embeddable":true,"href":"https:\/\/primicias2262.com\/noticias\/wp-json\/wp\/v2\/comments?post=102958"}],"version-history":[{"count":2,"href":"https:\/\/primicias2262.com\/noticias\/wp-json\/wp\/v2\/posts\/102958\/revisions"}],"predecessor-version":[{"id":103006,"href":"https:\/\/primicias2262.com\/noticias\/wp-json\/wp\/v2\/posts\/102958\/revisions\/103006"}],"wp:featuredmedia":[{"embeddable":true,"href":"https:\/\/primicias2262.com\/noticias\/wp-json\/wp\/v2\/media\/102960"}],"wp:attachment":[{"href":"https:\/\/primicias2262.com\/noticias\/wp-json\/wp\/v2\/media?parent=102958"}],"wp:term":[{"taxonomy":"category","embeddable":true,"href":"https:\/\/primicias2262.com\/noticias\/wp-json\/wp\/v2\/categories?post=102958"},{"taxonomy":"post_tag","embeddable":true,"href":"https:\/\/primicias2262.com\/noticias\/wp-json\/wp\/v2\/tags?post=102958"}],"curies":[{"name":"wp","href":"https:\/\/api.w.org\/{rel}","templated":true}]}}