{"id":102966,"date":"2023-08-17T14:51:35","date_gmt":"2023-08-17T14:51:35","guid":{"rendered":"https:\/\/primicias2262.com\/noticias\/?p=102966"},"modified":"2023-08-17T17:55:08","modified_gmt":"2023-08-17T17:55:08","slug":"evacuados-por-las-fuertes-tormentas-en-la-plata-y-capital-federal","status":"publish","type":"post","link":"https:\/\/primicias2262.com\/noticias\/evacuados-por-las-fuertes-tormentas-en-la-plata-y-capital-federal\/","title":{"rendered":"Evacuados por las fuertes tormentas en La Plata y Capital Federal"},"content":{"rendered":"<p>Las <a href=\"https:\/\/noticiasargentinas.com\/sociedad\/emiten-otro-alerta-seguiran-las-tormentas-y-el-granizo-en-capital-federal-la-plata-y-alrededores\" target=\"_blank\" rel=\"noopener\">fuertes tormentas<\/a> en el \u00c1rea Metropolitana de Buenos Aires ya comenzaron a generar complicaciones. Vecinos de la ciudad de La Plata mostraron en las redes sociales las <strong>calles inundadas<\/strong> y las respectivas <strong>evacuaciones <\/strong>producto de la gran cantidad de agua que cay\u00f3.<\/p>\n<p>En varios videos que se publicaron en Twitter se muestra hasta un <strong>tractor<\/strong> sobre la<strong> calle\u00a0163 y 530<\/strong> para recoger a las personas y llevarlas hasta el <strong>Club\u00a0Romerense.\u00a0<\/strong><\/p>\n<p>Asimismo, en Melchor Romero, las zonas anegadas comenzaron a verse afectadas durante la noche del mi\u00e9rcoles con las primeras tormentas que se registraron.<\/p>\n<p>Desde el Servicio Meteorol\u00f3gico Nacional (SMN) informaron esta ma\u00f1ana que <strong>ya superan los 115 mil\u00edmetros de agua ca\u00edda en las \u00faltimas horas en La Plata.<\/strong><\/p>\n<p>Los expertos sostienen que la mayor\u00eda de las inundaciones se asocian al aumento\u00a0<strong>del nivel del R\u00edo de la Plata, que obstaculiz\u00f3 el adecuado<\/strong><strong> drenaje de las aguas<\/strong>.<\/p>\n<p>En tanto, <strong>el intendente de La Plata, Julio Garro,<\/strong> <strong>confirm\u00f3<\/strong> que los niveles de precipitaci\u00f3n que se vienen registrando en las \u00faltimas horas en la Ciudad, \u201cson un fen\u00f3meno clim\u00e1tico hist\u00f3rico\u201d, a ra\u00edz de <strong>que hace 60 a\u00f1os no se ten\u00eda constancia de una lluvia de esta intensidad durante el mes de agosto.<\/strong><\/p>\n<p>Durante la madrugada y hasta las 10.30 horas se registr\u00f3 un acumulado de agua de lluvia que alcanz\u00f3 los 130 mil\u00edmetros en algunas zonas de la ciudad, lo cual ocasion\u00f3 diversos diversos inconvenientes. Los mayores niveles de agua se reportaron en \u00c1ngel Etcheverry (131 mil\u00edmetros), Arana (114 mil\u00edmetros), Poblet (109), Lisandro Olmos (102) y Abasto (102).<\/p>\n<p>\u201cDesde esta madrugada estamos trabajando con nuestros equipos en los barrios afectados, en donde <strong>en alguno de ellos cayeron m\u00e1s de 100 mm. en 12 horas entre la noche de ayer y la madrugada de hoy\u201d<\/strong>, explic\u00f3 Garro, quien sostuvo que \u201cLos Hornos, Romero, Olmos, Abasto y San Carlos son algunas de las zonas m\u00e1s afectadas por las intensas lluvias. Todav\u00eda continuamos con el nivel de atenci\u00f3n del riesgo amarillo y siguen registr\u00e1ndose en forma intermitente chaparrones y tormentas de variada intensidad y de corta duraci\u00f3n\u201d.<\/p>\n<p>Por su parte, el Director de Hidrometeorolog\u00eda de La Plata, Mauricio Saldivar, remarc\u00f3 que \u201cestamos atravesando un evento extremo de precipitaciones de hecho ya hemos roto los r\u00e9cords de precipitaci\u00f3n en 24 horas para la ciudad de La Plata, con el agravante de que la mayor parte de esas precipitaciones se han dado en un rango de 8 horas\u201d.<\/p>\n<p>Adem\u00e1s, desde varios clubes del f\u00fatbol argentino indicaron que <strong>se suspendieron los entrenamientos o cambiaron de local\u00eda por la intensidad de las lluvias.<\/strong><\/p>\n<p><strong>\u00abDiluvia y cae granizo en el Predio de Ezeiza. El plantel se entrena en el gimnasio\u00bb,<\/strong> explic\u00f3 el periodista de Boca Juniors, Leandro Aguilera.<\/p>\n","protected":false},"excerpt":{"rendered":"<p>Las fuertes tormentas en el \u00c1rea Metropolitana de Buenos Aires ya comenzaron a generar complicaciones. Vecinos de la ciudad de La Plata mostraron en las redes sociales las calles inundadas y las respectivas evacuaciones producto de la gran cantidad de agua que cay\u00f3. En varios videos que se publicaron en Twitter se muestra hasta un [&hellip;]<\/p>\n","protected":false},"author":3,"featured_media":102967,"comment_status":"open","ping_status":"open","sticky":false,"template":"","format":"standard","meta":{"footnotes":""},"categories":[7],"tags":[],"class_list":{"0":"post-102966","1":"post","2":"type-post","3":"status-publish","4":"format-standard","5":"has-post-thumbnail","7":"category-nac"},"_links":{"self":[{"href":"https:\/\/primicias2262.com\/noticias\/wp-json\/wp\/v2\/posts\/102966","targetHints":{"allow":["GET"]}}],"collection":[{"href":"https:\/\/primicias2262.com\/noticias\/wp-json\/wp\/v2\/posts"}],"about":[{"href":"https:\/\/primicias2262.com\/noticias\/wp-json\/wp\/v2\/types\/post"}],"author":[{"embeddable":true,"href":"https:\/\/primicias2262.com\/noticias\/wp-json\/wp\/v2\/users\/3"}],"replies":[{"embeddable":true,"href":"https:\/\/primicias2262.com\/noticias\/wp-json\/wp\/v2\/comments?post=102966"}],"version-history":[{"count":2,"href":"https:\/\/primicias2262.com\/noticias\/wp-json\/wp\/v2\/posts\/102966\/revisions"}],"predecessor-version":[{"id":102969,"href":"https:\/\/primicias2262.com\/noticias\/wp-json\/wp\/v2\/posts\/102966\/revisions\/102969"}],"wp:featuredmedia":[{"embeddable":true,"href":"https:\/\/primicias2262.com\/noticias\/wp-json\/wp\/v2\/media\/102967"}],"wp:attachment":[{"href":"https:\/\/primicias2262.com\/noticias\/wp-json\/wp\/v2\/media?parent=102966"}],"wp:term":[{"taxonomy":"category","embeddable":true,"href":"https:\/\/primicias2262.com\/noticias\/wp-json\/wp\/v2\/categories?post=102966"},{"taxonomy":"post_tag","embeddable":true,"href":"https:\/\/primicias2262.com\/noticias\/wp-json\/wp\/v2\/tags?post=102966"}],"curies":[{"name":"wp","href":"https:\/\/api.w.org\/{rel}","templated":true}]}}