{"id":102970,"date":"2023-08-17T15:55:21","date_gmt":"2023-08-17T15:55:21","guid":{"rendered":"https:\/\/primicias2262.com\/noticias\/?p=102970"},"modified":"2023-08-17T18:04:38","modified_gmt":"2023-08-17T18:04:38","slug":"arranca-la-copa-de-la-liga-profesional","status":"publish","type":"post","link":"https:\/\/primicias2262.com\/noticias\/arranca-la-copa-de-la-liga-profesional\/","title":{"rendered":"Arranca la Copa de la Liga Profesional"},"content":{"rendered":"<p>La<strong> <a href=\"https:\/\/noticiasargentinas.com\/deportes\/todo-lo-que-tenes-que-saber-de-la-copa-de-la-liga-cronograma-formato-del-torneo-y-principales-refuerzos\" target=\"_blank\" rel=\"noopener\">Copa de la Liga<\/a><\/strong> comenzar\u00e1<strong> este jueves <\/strong>con el partido que disputar\u00e1n<strong> Belgrano de C\u00f3rdoba y Estudiantes de La Plata desde las 19:30 por la Zona B<\/strong>, mientras que la A lo har\u00e1 el s\u00e1bado con <strong><a href=\"https:\/\/noticiasargentinas.com\/deportes\/independiente-ritondo-desmintio-a-grindetti-y-confirmo-que-seguira-siendo-presidente-en-medio-de-la-campana-electoral\" target=\"_blank\" rel=\"noopener\">Independiente<\/a> y Col\u00f3n de Santa Fe<\/strong> como protagonistas a partir de las 16:30.<\/p>\n<p><strong>La Copa LPF 2023 se jugar\u00e1 en dos zonas de 14 equipos cada una<\/strong>: el formato de la competencia ser\u00e1 de todos contra todos, en una sola rueda de partidos y con una fecha interzonal de cl\u00e1sicos.<\/p>\n<p>La Zona A la integran <strong>V\u00e9lez Sarsfield, Barracas Central, Argentinos Juniors, River Plate, Arsenal, Instituto, Rosario Central, Atl\u00e9tico Tucum\u00e1n, Hurac\u00e1n, Banfield, Gimnasia y Esgrima La Plata, Talleres Independiente y Col\u00f3n.<\/strong><\/p>\n<p>La B la conforman <strong>Sarmiento, Tigre, Boca Juniors, Platense, Defensa y Justicia, Godoy Cruz, Newell\u00b4s Old Boys, Central C\u00f3rdoba, Lan\u00fas, San Lorenzo, Belgrano, Estudiantes, Uni\u00f3n y Racing.<\/strong><\/p>\n<h2>As\u00ed se jugar\u00e1 la totalidad de la primera fecha:<\/h2>\n<p><strong>Jueves 17 de agosto<\/strong><\/p>\n<p>19.30 Belgrano \u2013 Estudiantes (Zona B)<\/p>\n<p><strong>Viernes 18<\/strong><\/p>\n<p>16.30 Defensa y Justicia \u2013 Godoy Cruz (Zona B)<br \/>\n19.00 Uni\u00f3n \u2013 Racing (Zona B)<br \/>\n21.00 Boca \u2013 Platense (Zona B)<\/p>\n<p><strong>S\u00e1bado 19<\/strong><\/p>\n<p>16.30 Independiente \u2013 Col\u00f3n (Zona A)<br \/>\n19.00 Gimnasia \u2013 Talleres (Zona A)<br \/>\n21.00 V\u00e9lez \u2013 Barracas Central (Zona A)<\/p>\n<p><strong>Domingo 20<\/strong><\/p>\n<p>14.00 Arsenal \u2013 Instituto (Zona A)<br \/>\n16.00 Sarmiento \u2013 Tigre (Zona B)<br \/>\n16.15 Rosario Central \u2013 Atl\u00e9tico Tucum\u00e1n (Zona A)<br \/>\n18.30 Lan\u00fas \u2013 San Lorenzo (Zona B)<br \/>\n21.00 Argentinos \u2013 River (Zona A)<\/p>\n<p><strong>Lunes 21<\/strong><\/p>\n<p>18.00 Hurac\u00e1n \u2013 Banfield (Zona A)<br \/>\n20.30 Newell\u2019s \u2013 Central C\u00f3rdoba (Zona B)<\/p>\n","protected":false},"excerpt":{"rendered":"<p>La Copa de la Liga comenzar\u00e1 este jueves con el partido que disputar\u00e1n Belgrano de C\u00f3rdoba y Estudiantes de La Plata desde las 19:30 por la Zona B, mientras que la A lo har\u00e1 el s\u00e1bado con Independiente y Col\u00f3n de Santa Fe como protagonistas a partir de las 16:30. La Copa LPF 2023 se [&hellip;]<\/p>\n","protected":false},"author":3,"featured_media":102971,"comment_status":"open","ping_status":"open","sticky":false,"template":"","format":"standard","meta":{"footnotes":""},"categories":[7],"tags":[],"class_list":{"0":"post-102970","1":"post","2":"type-post","3":"status-publish","4":"format-standard","5":"has-post-thumbnail","7":"category-nac"},"_links":{"self":[{"href":"https:\/\/primicias2262.com\/noticias\/wp-json\/wp\/v2\/posts\/102970","targetHints":{"allow":["GET"]}}],"collection":[{"href":"https:\/\/primicias2262.com\/noticias\/wp-json\/wp\/v2\/posts"}],"about":[{"href":"https:\/\/primicias2262.com\/noticias\/wp-json\/wp\/v2\/types\/post"}],"author":[{"embeddable":true,"href":"https:\/\/primicias2262.com\/noticias\/wp-json\/wp\/v2\/users\/3"}],"replies":[{"embeddable":true,"href":"https:\/\/primicias2262.com\/noticias\/wp-json\/wp\/v2\/comments?post=102970"}],"version-history":[{"count":1,"href":"https:\/\/primicias2262.com\/noticias\/wp-json\/wp\/v2\/posts\/102970\/revisions"}],"predecessor-version":[{"id":102972,"href":"https:\/\/primicias2262.com\/noticias\/wp-json\/wp\/v2\/posts\/102970\/revisions\/102972"}],"wp:featuredmedia":[{"embeddable":true,"href":"https:\/\/primicias2262.com\/noticias\/wp-json\/wp\/v2\/media\/102971"}],"wp:attachment":[{"href":"https:\/\/primicias2262.com\/noticias\/wp-json\/wp\/v2\/media?parent=102970"}],"wp:term":[{"taxonomy":"category","embeddable":true,"href":"https:\/\/primicias2262.com\/noticias\/wp-json\/wp\/v2\/categories?post=102970"},{"taxonomy":"post_tag","embeddable":true,"href":"https:\/\/primicias2262.com\/noticias\/wp-json\/wp\/v2\/tags?post=102970"}],"curies":[{"name":"wp","href":"https:\/\/api.w.org\/{rel}","templated":true}]}}