{"id":102973,"date":"2023-08-17T12:05:33","date_gmt":"2023-08-17T12:05:33","guid":{"rendered":"https:\/\/primicias2262.com\/noticias\/?p=102973"},"modified":"2023-08-17T18:06:28","modified_gmt":"2023-08-17T18:06:28","slug":"soldados-olvidados-el-papel-fundamental-de-los-afrodescendientes-en-las-luchas-de-san-martin","status":"publish","type":"post","link":"https:\/\/primicias2262.com\/noticias\/soldados-olvidados-el-papel-fundamental-de-los-afrodescendientes-en-las-luchas-de-san-martin\/","title":{"rendered":"Soldados olvidados: el papel fundamental de los afrodescendientes en las luchas de San Mart\u00edn"},"content":{"rendered":"<p>Por Nicol\u00e1s Parodi<\/p>\n<p>Al conmemorarse el paso a la inmortalidad del General Don Jos\u00e9 de San Mart\u00edn, uno de los referentes m\u00e1s importantes del proceso independentista sudamericano a comienzos del siglo XIX, resulta interesante problematizar sobre el rol que tuvieron los afrodescendientes en sus ej\u00e9rcitos.<\/p>\n<p>No hubo un solo batall\u00f3n argentino que no tuviera presencia de soldados afrodescendientes, claves en las batallas sanmartinianas. Usualmente se reconoce su participaci\u00f3n dentro de los regimientos denominados de \u00abPardos y Morenos\u00bb. Pero no solo se limitaron a estos regimientos. Los esclavizados eran incorporados a los ej\u00e9rcitos a la fuerza por una decisi\u00f3n de sus due\u00f1os. Tambi\u00e9n se relata que tras su participaci\u00f3n en los ej\u00e9rcitos independentistas ser\u00edan liberados, pero como ejemplo se puede tomar lo que pas\u00f3 durante las Invasiones Inglesas donde particip\u00f3 el Batall\u00f3n N\u00ba 17 de Pardos y Morenos. Como recompensa por su valor en combate fueron premiados con su libertad, mediante \u201csorteo\u201d, unos setenta esclavos sobre un total de seiscientos ochenta y seis esclavos que comprend\u00edan el batall\u00f3n.<\/p>\n<div id=\"talkFireEvent\"><\/div>\n<div id=\"div-gpt-ad-inline\" data-google-query-id=\"CPrjjoyk5IADFdSflQIdUsQCYA\">\n<div id=\"google_ads_iframe_\/349353471\/p12_nota_TEADS_0__container__\"><iframe id=\"google_ads_iframe_\/349353471\/p12_nota_TEADS_0\" tabindex=\"0\" title=\"3rd party ad content\" role=\"region\" name=\"google_ads_iframe_\/349353471\/p12_nota_TEADS_0\" width=\"1\" height=\"1\" frameborder=\"0\" marginwidth=\"0\" marginheight=\"0\" scrolling=\"no\" aria-label=\"Advertisement\" data-google-container-id=\"4\" data-load-complete=\"true\" data-gtm-yt-inspected-7250694_100=\"true\" data-gtm-yt-inspected-19=\"true\" data-mce-fragment=\"1\"><\/iframe><\/div>\n<\/div>\n<p>La segregaci\u00f3n racial imperante influ\u00eda en la creaci\u00f3n de batallones y regimientos de Pardos y Morenos con los que el resto de los soldados no quer\u00edan tener contacto. Historiadores relatan los \u201ccaballeros\u201d decidieron no cooperar con el Ej\u00e9rcito de los Andes \u201cpor no estar dispuestos a cabalgar junto a negros\u201d. San Mart\u00edn hab\u00eda dispuesto que varios de los esclavizados combatieran en los mejores caballos.<\/p>\n<p>En el relato de la Argentina blanca y europea se utilizan las guerras independentistas para justificar la no presencia de la poblaci\u00f3n afrodescendiente en nuestro pa\u00eds. As\u00ed se relatan c\u00f3mo los cuerpos de infanter\u00eda donde mayoritariamente se desempe\u00f1aban los afrodescendientes, eran la primera fila en los enfrentamientos y funcionaban como <i>\u201ccarne de ca\u00f1\u00f3n\u201d<\/i>. Por un lado se enaltece la figura de los pr\u00f3ceres que dirig\u00edan dichas guerras pero no se produce un reconocimiento de la participaci\u00f3n de esos soldados afrodescendientes. Y se los menciona como soldados porque fueron pocos los afrodescendientes que obten\u00edan un ascenso en el escalaf\u00f3n militar. San Mart\u00edn reclam\u00f3 poder nombrarlos para los cargos de cabos y sargentos, una herej\u00eda para la \u00e9poca.<\/p>\n<p>En la proclama de San Mart\u00edn de 1820 se puede leer: <i>\u00abLos ricos y los terratenientes se niegan a luchar, no quieren mandar a sus hijos a la batalla, me dicen que enviaran tres sirvientes por cada hijo para no tener que pagar las multas, dicen que a ellos no les importa seguir siendo colonia. Sus hijos quedan en sus casas gordos y c\u00f3modos, un d\u00eda se sabr\u00e1 que esta Patria fue liberada por los pobres, y los hijos de los pobres, nuestros indios y los negros, que ya no volver\u00e1n a ser esclavos.\u00bb<\/i><\/p>\n<p><b>Cabral soldado heroico<\/b><\/p>\n<p>Asociada a la figura de San Mart\u00edn se repite en la historiograf\u00eda argentina la participaci\u00f3n del Juan Bautista Cabral y su acto de arrojo al salvar a San Mart\u00edn en la batalla de San Lorenzo, a\u00f1os antes del cruce andino. La figura de Cabral lleg\u00f3 hasta los himnos patrios donde se lo llega a reconocer como <i>\u201cSargento Cabral\u201d<\/i> a pesar que no se conocen registro sobre su nombramiento como <i>\u201cSargento\u201d<\/i>. A su vez en las representaciones que se hacen sobre Cabral hasta hace unos a\u00f1os era usual que no se lo represente como afrodescendiente, se lo blanqueaba para reforzar el relato blanco-europeo. No se cuenta mucho sobre su historia, c\u00f3mo lleg\u00f3 a incorporarse para luchar junto a San Mart\u00edn. Por otro lado se lleg\u00f3 a enaltecer su figura ya que muri\u00f3 a causa de las heridas recibidas durante la batalla. Tampoco se explica si hay descendientes de \u00e9l. Se cumple con la falsa creencia de que no hay afroargentinos\/as en nuestro pa\u00eds porque murieron en las guerras de la independencia. En la pel\u00edcula <b>\u201c<\/b>Revoluci\u00f3n. El cruce de los Andes\u201d se lo representa como afrodescendiente.<\/p>\n<div><iframe id=\"975797899\" title=\"El cruce de los Andes (Trailer)\" src=\"https:\/\/www.youtube.com\/embed\/nLBWo1v2dkM?enablejsapi=1&amp;origin=https%3A%2F%2Fwww.pagina12.com.ar\" frameborder=\"0\" allowfullscreen=\"allowfullscreen\" data-gtm-yt-inspected-7250694_100=\"true\" data-gtm-yt-inspected-19=\"true\" data-mce-fragment=\"1\"><\/iframe><\/div>\n<p><b>El Cruce de los Andes<\/b><\/p>\n<p>El Ej\u00e9rcito de los Andes cont\u00f3 con un aproximado de 5.000 efectivos, de los cuales se estima que entre el 40% y el 50% eran afrodescendientes. En el monumento <a href=\"https:\/\/www.pagina12.com.ar\/564027-cerro-de-la-gloria-14-toneladas-de-historia-en-el-monumento-\">Cerro de la Gloria<\/a> ubicado en la Ciudad de Mendoza se inmortaliz\u00f3 a los afrodescendientes que participaron en Ejercito de los Andes. Desde Buenos Aires salieron rumbo a Mendoza integrantes del Regimiento N\u00ba 8 de Libertos. A su vez San Mart\u00edn expropia esclavizados de la Intendencia de Cuyo.<\/p>\n<p>Otro de los afrodescendientes que acompa\u00f1aron a San Mart\u00edn fue Juan Isidro Zapata que se desempe\u00f1\u00f3 como su m\u00e9dico de confianza, era el \u00fanico que atend\u00eda y sab\u00eda todos los muchos males que padec\u00eda.<\/p>\n<p>La primera banda militar del Ej\u00e9rcito Libertador se integr\u00f3 con doce negros esclavizados, a quienes se los envi\u00f3 a Buenos Aires para que se formaran como m\u00fasicos y formaran la \u00abBanda Talcahuano\u00bb. El cabo segundo <a href=\"https:\/\/www.pagina12.com.ar\/556960-monumento-a-antonio-ruiz-alias-falucho-heroe-de-la-independe\">Antonio Ruiz, m\u00e1s recordado como \u00abFalucho\u00bb<\/a> tambi\u00e9n fue parte de los que lucharon junto a San Mart\u00edn.<\/p>\n<p>Cuando San Mart\u00edn lleg\u00f3 a la costa peruana, en 1820, se le presentaron unos esclavizados que hu\u00edan de las haciendas vecinas y deseaban enrolarse en el ej\u00e9rcito de independencia.<\/p>\n<p>En definitiva, reivindicar la historia de los afrodescendientes en las campa\u00f1as sanmartinianas no solo enriquece nuestra comprensi\u00f3n del pasado, sino que tambi\u00e9n resulta en un acto de justicia hist\u00f3rica y racial. Al recordar y reconocer su legado, no solo honramos su memoria, sino que tambi\u00e9n enriquecemos nuestra comprensi\u00f3n de la historia y tejemos un v\u00ednculo m\u00e1s s\u00f3lido con las ra\u00edces de nuestra naci\u00f3n.<\/p>\n","protected":false},"excerpt":{"rendered":"<p>Por Nicol\u00e1s Parodi Al conmemorarse el paso a la inmortalidad del General Don Jos\u00e9 de San Mart\u00edn, uno de los referentes m\u00e1s importantes del proceso independentista sudamericano a comienzos del siglo XIX, resulta interesante problematizar sobre el rol que tuvieron los afrodescendientes en sus ej\u00e9rcitos. No hubo un solo batall\u00f3n argentino que no tuviera presencia [&hellip;]<\/p>\n","protected":false},"author":3,"featured_media":102974,"comment_status":"open","ping_status":"open","sticky":false,"template":"","format":"standard","meta":{"footnotes":""},"categories":[7],"tags":[],"class_list":{"0":"post-102973","1":"post","2":"type-post","3":"status-publish","4":"format-standard","5":"has-post-thumbnail","7":"category-nac"},"_links":{"self":[{"href":"https:\/\/primicias2262.com\/noticias\/wp-json\/wp\/v2\/posts\/102973","targetHints":{"allow":["GET"]}}],"collection":[{"href":"https:\/\/primicias2262.com\/noticias\/wp-json\/wp\/v2\/posts"}],"about":[{"href":"https:\/\/primicias2262.com\/noticias\/wp-json\/wp\/v2\/types\/post"}],"author":[{"embeddable":true,"href":"https:\/\/primicias2262.com\/noticias\/wp-json\/wp\/v2\/users\/3"}],"replies":[{"embeddable":true,"href":"https:\/\/primicias2262.com\/noticias\/wp-json\/wp\/v2\/comments?post=102973"}],"version-history":[{"count":1,"href":"https:\/\/primicias2262.com\/noticias\/wp-json\/wp\/v2\/posts\/102973\/revisions"}],"predecessor-version":[{"id":102975,"href":"https:\/\/primicias2262.com\/noticias\/wp-json\/wp\/v2\/posts\/102973\/revisions\/102975"}],"wp:featuredmedia":[{"embeddable":true,"href":"https:\/\/primicias2262.com\/noticias\/wp-json\/wp\/v2\/media\/102974"}],"wp:attachment":[{"href":"https:\/\/primicias2262.com\/noticias\/wp-json\/wp\/v2\/media?parent=102973"}],"wp:term":[{"taxonomy":"category","embeddable":true,"href":"https:\/\/primicias2262.com\/noticias\/wp-json\/wp\/v2\/categories?post=102973"},{"taxonomy":"post_tag","embeddable":true,"href":"https:\/\/primicias2262.com\/noticias\/wp-json\/wp\/v2\/tags?post=102973"}],"curies":[{"name":"wp","href":"https:\/\/api.w.org\/{rel}","templated":true}]}}