{"id":102976,"date":"2023-08-18T11:36:28","date_gmt":"2023-08-18T11:36:28","guid":{"rendered":"https:\/\/primicias2262.com\/noticias\/?p=102976"},"modified":"2023-08-18T11:36:28","modified_gmt":"2023-08-18T11:36:28","slug":"cientificos-del-conicet-marchan-en-repudio-a-la-privatizacion-que-impulsaria-milei","status":"publish","type":"post","link":"https:\/\/primicias2262.com\/noticias\/cientificos-del-conicet-marchan-en-repudio-a-la-privatizacion-que-impulsaria-milei\/","title":{"rendered":"Cient\u00edficos del Conicet marchan en repudio a la privatizaci\u00f3n que impulsar\u00eda Milei"},"content":{"rendered":"<p>Trabajadores e <strong>investigadores del Consejo Nacional de Investigaciones Cient\u00edficas y T\u00e9cnicas (Conicet) se movilizar\u00e1n ma\u00f1ana \u00aben defensa de la ciencia y la tecnolog\u00eda argentina\u00bb,<\/strong> luego de que el candidato presidencial de La Libertad Avanza, Javier Milei, dijera que en caso llegar a la Casa Rosada privatizar\u00e1 ese organismo.<\/p>\n<p>La convocatoria ser\u00e1 este viernes a las 16 en la explanada del Polo Cient\u00edfico-Tecnol\u00f3gico, en la calle Godoy Cruz al 2.300, en el barrio porte\u00f1o de Palermo.<\/p>\n<p><strong>\u00abSe resolvi\u00f3 tras conocerse la propuesta del candidato a presidente por La Libertad Avanza (LLA), Javier Milei, de privatizar este organismo y cerrar el Ministerio de Ciencia, Tecnolog\u00eda e Innovaci\u00f3n\u00bb,<\/strong> explicaron los organizadores en un comunicado.<\/p>\n<p>\u00abLa ciencia no es cara, cara es la ignorancia\u00bb, advirtieron los trabajadores del Conicet, en repudio a las declaraciones realizadas este martes por Milei, en las que insisti\u00f3 con su idea de eliminar el Ministerio de Ciencia, Tecnolog\u00eda e Innovaci\u00f3n y de privatizar el Conicet.<\/p>\n","protected":false},"excerpt":{"rendered":"<p>Trabajadores e investigadores del Consejo Nacional de Investigaciones Cient\u00edficas y T\u00e9cnicas (Conicet) se movilizar\u00e1n ma\u00f1ana \u00aben defensa de la ciencia y la tecnolog\u00eda argentina\u00bb, luego de que el candidato presidencial de La Libertad Avanza, Javier Milei, dijera que en caso llegar a la Casa Rosada privatizar\u00e1 ese organismo. La convocatoria ser\u00e1 este viernes a las [&hellip;]<\/p>\n","protected":false},"author":3,"featured_media":102977,"comment_status":"open","ping_status":"open","sticky":false,"template":"","format":"standard","meta":{"footnotes":""},"categories":[7],"tags":[],"class_list":{"0":"post-102976","1":"post","2":"type-post","3":"status-publish","4":"format-standard","5":"has-post-thumbnail","7":"category-nac"},"_links":{"self":[{"href":"https:\/\/primicias2262.com\/noticias\/wp-json\/wp\/v2\/posts\/102976","targetHints":{"allow":["GET"]}}],"collection":[{"href":"https:\/\/primicias2262.com\/noticias\/wp-json\/wp\/v2\/posts"}],"about":[{"href":"https:\/\/primicias2262.com\/noticias\/wp-json\/wp\/v2\/types\/post"}],"author":[{"embeddable":true,"href":"https:\/\/primicias2262.com\/noticias\/wp-json\/wp\/v2\/users\/3"}],"replies":[{"embeddable":true,"href":"https:\/\/primicias2262.com\/noticias\/wp-json\/wp\/v2\/comments?post=102976"}],"version-history":[{"count":1,"href":"https:\/\/primicias2262.com\/noticias\/wp-json\/wp\/v2\/posts\/102976\/revisions"}],"predecessor-version":[{"id":102978,"href":"https:\/\/primicias2262.com\/noticias\/wp-json\/wp\/v2\/posts\/102976\/revisions\/102978"}],"wp:featuredmedia":[{"embeddable":true,"href":"https:\/\/primicias2262.com\/noticias\/wp-json\/wp\/v2\/media\/102977"}],"wp:attachment":[{"href":"https:\/\/primicias2262.com\/noticias\/wp-json\/wp\/v2\/media?parent=102976"}],"wp:term":[{"taxonomy":"category","embeddable":true,"href":"https:\/\/primicias2262.com\/noticias\/wp-json\/wp\/v2\/categories?post=102976"},{"taxonomy":"post_tag","embeddable":true,"href":"https:\/\/primicias2262.com\/noticias\/wp-json\/wp\/v2\/tags?post=102976"}],"curies":[{"name":"wp","href":"https:\/\/api.w.org\/{rel}","templated":true}]}}