{"id":102982,"date":"2023-08-18T10:44:37","date_gmt":"2023-08-18T10:44:37","guid":{"rendered":"https:\/\/primicias2262.com\/noticias\/?p=102982"},"modified":"2023-08-18T11:45:38","modified_gmt":"2023-08-18T11:45:38","slug":"la-corte-suprema-rechazo-la-excarcelacion-de-los-condenados-por-el-crimen-de-fernando-baez-sosa","status":"publish","type":"post","link":"https:\/\/primicias2262.com\/noticias\/la-corte-suprema-rechazo-la-excarcelacion-de-los-condenados-por-el-crimen-de-fernando-baez-sosa\/","title":{"rendered":"La Corte Suprema rechaz\u00f3 la excarcelaci\u00f3n de los condenados por el crimen de Fernando B\u00e1ez Sosa"},"content":{"rendered":"<p>La Corte Suprema <strong>rechaz\u00f3 hoy por unanimidad un planteo de los rugbiers condenados por el crimen del joven Fernando B\u00e1ez Sosa<\/strong> para recuperar la libertad.<\/p>\n<p>El planteo hab\u00eda sido formulado mediante una acci\u00f3n de habeas corpus por el abogado de los rugbiers, Fernando Tomei.<\/p>\n<p>La defensa de <strong>M\u00e1ximo Pablo Thomsen, Enzo Tomas Comelli, Ayrton Michael Viollaz, Ciro Pertossi, Lucas Fidel Pertossi, Mat\u00edas Franco Benicelli, Blas Cinalli y Luciano Pertossi<\/strong> hab\u00eda denunciado la \u201cmanifiesta arbitrariedad\u201d en las resoluciones judiciales dictadas por los tribunales bonaerenses que <strong>dispusieron y confirmaron la prisi\u00f3n preventiva de los imputados<\/strong> por el hecho ocurrido en Villa Gesell el 19 de enero de 2020.<\/p>\n<p>La defensa de los rugbiers lleg\u00f3 en apelaci\u00f3n ante la Corte, que hoy desestim\u00f3 los argumentos de la defensa <strong>y ratific\u00f3 la continuidad del encierro para los condenados en primera instancia.<\/strong><\/p>\n<p>El fallo fue firmado por los jueces \u00a0<strong>Horacio Rosatti, Carlos Rosenkrantz, Juan Carlos Maqueda y Ricardo Lorenzetti. <\/strong><\/p>\n","protected":false},"excerpt":{"rendered":"<p>La Corte Suprema rechaz\u00f3 hoy por unanimidad un planteo de los rugbiers condenados por el crimen del joven Fernando B\u00e1ez Sosa para recuperar la libertad. El planteo hab\u00eda sido formulado mediante una acci\u00f3n de habeas corpus por el abogado de los rugbiers, Fernando Tomei. La defensa de M\u00e1ximo Pablo Thomsen, Enzo Tomas Comelli, Ayrton Michael [&hellip;]<\/p>\n","protected":false},"author":3,"featured_media":102925,"comment_status":"open","ping_status":"open","sticky":false,"template":"","format":"standard","meta":{"footnotes":""},"categories":[7],"tags":[],"class_list":{"0":"post-102982","1":"post","2":"type-post","3":"status-publish","4":"format-standard","5":"has-post-thumbnail","7":"category-nac"},"_links":{"self":[{"href":"https:\/\/primicias2262.com\/noticias\/wp-json\/wp\/v2\/posts\/102982","targetHints":{"allow":["GET"]}}],"collection":[{"href":"https:\/\/primicias2262.com\/noticias\/wp-json\/wp\/v2\/posts"}],"about":[{"href":"https:\/\/primicias2262.com\/noticias\/wp-json\/wp\/v2\/types\/post"}],"author":[{"embeddable":true,"href":"https:\/\/primicias2262.com\/noticias\/wp-json\/wp\/v2\/users\/3"}],"replies":[{"embeddable":true,"href":"https:\/\/primicias2262.com\/noticias\/wp-json\/wp\/v2\/comments?post=102982"}],"version-history":[{"count":1,"href":"https:\/\/primicias2262.com\/noticias\/wp-json\/wp\/v2\/posts\/102982\/revisions"}],"predecessor-version":[{"id":102983,"href":"https:\/\/primicias2262.com\/noticias\/wp-json\/wp\/v2\/posts\/102982\/revisions\/102983"}],"wp:featuredmedia":[{"embeddable":true,"href":"https:\/\/primicias2262.com\/noticias\/wp-json\/wp\/v2\/media\/102925"}],"wp:attachment":[{"href":"https:\/\/primicias2262.com\/noticias\/wp-json\/wp\/v2\/media?parent=102982"}],"wp:term":[{"taxonomy":"category","embeddable":true,"href":"https:\/\/primicias2262.com\/noticias\/wp-json\/wp\/v2\/categories?post=102982"},{"taxonomy":"post_tag","embeddable":true,"href":"https:\/\/primicias2262.com\/noticias\/wp-json\/wp\/v2\/tags?post=102982"}],"curies":[{"name":"wp","href":"https:\/\/api.w.org\/{rel}","templated":true}]}}