{"id":102987,"date":"2023-08-18T16:03:27","date_gmt":"2023-08-18T16:03:27","guid":{"rendered":"https:\/\/primicias2262.com\/noticias\/?p=102987"},"modified":"2023-08-18T16:03:27","modified_gmt":"2023-08-18T16:03:27","slug":"la-recoleccion-de-residuos-domiciliaria-no-sufrira-modificaciones-por-el-fin-de-semana-largo","status":"publish","type":"post","link":"https:\/\/primicias2262.com\/noticias\/la-recoleccion-de-residuos-domiciliaria-no-sufrira-modificaciones-por-el-fin-de-semana-largo\/","title":{"rendered":"La recolecci\u00f3n de residuos domiciliaria no sufrir\u00e1 modificaciones por el fin de semana largo"},"content":{"rendered":"<p><strong>El feriado del lunes 21 de agosto no impedir\u00e1 que el servicio domiciliario se preste como se hace habitualmente.<\/strong><\/p>\n<p>Desde el \u00e1mbito de la Secretar\u00eda de Planeamiento, Obras y Servicios P\u00fablicos de la Municipalidad, se inform\u00f3 en la v\u00edspera del fin de semana largo que el servicio de recolecci\u00f3n de residuos domiciliaria no se ver\u00e1 afectado por el feriado.<\/p>\n<p>Por lo tanto, los horarios se mantendr\u00e1n de manera normal para la jornada conmemorativa del lunes 21 de agosto, cubri\u00e9ndo la parte diurna a partir de las 8hs.<\/p>\n<p>Se recuerda que el turno matutino est\u00e1 comprendido de lunes a s\u00e1bados desde las 8 hs.; mientras que la recolecci\u00f3n nocturna se cubre de domingo a viernes a partir de las. 20 hs.<\/p>\n<p><a href=\"https:\/\/primicias2262.com\/noticias\/wp-content\/uploads\/2023\/08\/18-08-PLACA-recoleccion-residuos.jpeg\"><img loading=\"lazy\" decoding=\"async\" class=\"aligncenter size-large wp-image-102988\" src=\"https:\/\/primicias2262.com\/noticias\/wp-content\/uploads\/2023\/08\/18-08-PLACA-recoleccion-residuos-1024x1024.jpeg\" alt=\"\" width=\"696\" height=\"696\" srcset=\"https:\/\/primicias2262.com\/noticias\/wp-content\/uploads\/2023\/08\/18-08-PLACA-recoleccion-residuos-1024x1024.jpeg 1024w, https:\/\/primicias2262.com\/noticias\/wp-content\/uploads\/2023\/08\/18-08-PLACA-recoleccion-residuos-300x300.jpeg 300w, https:\/\/primicias2262.com\/noticias\/wp-content\/uploads\/2023\/08\/18-08-PLACA-recoleccion-residuos-150x150.jpeg 150w, https:\/\/primicias2262.com\/noticias\/wp-content\/uploads\/2023\/08\/18-08-PLACA-recoleccion-residuos-768x768.jpeg 768w, https:\/\/primicias2262.com\/noticias\/wp-content\/uploads\/2023\/08\/18-08-PLACA-recoleccion-residuos-1536x1536.jpeg 1536w, https:\/\/primicias2262.com\/noticias\/wp-content\/uploads\/2023\/08\/18-08-PLACA-recoleccion-residuos-696x696.jpeg 696w, https:\/\/primicias2262.com\/noticias\/wp-content\/uploads\/2023\/08\/18-08-PLACA-recoleccion-residuos-1068x1068.jpeg 1068w, https:\/\/primicias2262.com\/noticias\/wp-content\/uploads\/2023\/08\/18-08-PLACA-recoleccion-residuos.jpeg 1600w\" sizes=\"auto, (max-width: 696px) 100vw, 696px\" \/><\/a><\/p>\n","protected":false},"excerpt":{"rendered":"<p>El feriado del lunes 21 de agosto no impedir\u00e1 que el servicio domiciliario se preste como se hace habitualmente. Desde el \u00e1mbito de la Secretar\u00eda de Planeamiento, Obras y Servicios P\u00fablicos de la Municipalidad, se inform\u00f3 en la v\u00edspera del fin de semana largo que el servicio de recolecci\u00f3n de residuos domiciliaria no se ver\u00e1 [&hellip;]<\/p>\n","protected":false},"author":3,"featured_media":102989,"comment_status":"open","ping_status":"open","sticky":false,"template":"","format":"standard","meta":{"footnotes":""},"categories":[5],"tags":[],"class_list":{"0":"post-102987","1":"post","2":"type-post","3":"status-publish","4":"format-standard","5":"has-post-thumbnail","7":"category-neco"},"_links":{"self":[{"href":"https:\/\/primicias2262.com\/noticias\/wp-json\/wp\/v2\/posts\/102987","targetHints":{"allow":["GET"]}}],"collection":[{"href":"https:\/\/primicias2262.com\/noticias\/wp-json\/wp\/v2\/posts"}],"about":[{"href":"https:\/\/primicias2262.com\/noticias\/wp-json\/wp\/v2\/types\/post"}],"author":[{"embeddable":true,"href":"https:\/\/primicias2262.com\/noticias\/wp-json\/wp\/v2\/users\/3"}],"replies":[{"embeddable":true,"href":"https:\/\/primicias2262.com\/noticias\/wp-json\/wp\/v2\/comments?post=102987"}],"version-history":[{"count":1,"href":"https:\/\/primicias2262.com\/noticias\/wp-json\/wp\/v2\/posts\/102987\/revisions"}],"predecessor-version":[{"id":102990,"href":"https:\/\/primicias2262.com\/noticias\/wp-json\/wp\/v2\/posts\/102987\/revisions\/102990"}],"wp:featuredmedia":[{"embeddable":true,"href":"https:\/\/primicias2262.com\/noticias\/wp-json\/wp\/v2\/media\/102989"}],"wp:attachment":[{"href":"https:\/\/primicias2262.com\/noticias\/wp-json\/wp\/v2\/media?parent=102987"}],"wp:term":[{"taxonomy":"category","embeddable":true,"href":"https:\/\/primicias2262.com\/noticias\/wp-json\/wp\/v2\/categories?post=102987"},{"taxonomy":"post_tag","embeddable":true,"href":"https:\/\/primicias2262.com\/noticias\/wp-json\/wp\/v2\/tags?post=102987"}],"curies":[{"name":"wp","href":"https:\/\/api.w.org\/{rel}","templated":true}]}}