{"id":102992,"date":"2023-08-18T16:27:18","date_gmt":"2023-08-18T16:27:18","guid":{"rendered":"https:\/\/primicias2262.com\/noticias\/?p=102992"},"modified":"2023-08-19T21:23:12","modified_gmt":"2023-08-19T21:23:12","slug":"el-kilo-de-pan-deberia-valer-1300-pero-tratamos-de-aguantar-el-cimbronazo-y-serguir-vendiendo","status":"publish","type":"post","link":"https:\/\/primicias2262.com\/noticias\/el-kilo-de-pan-deberia-valer-1300-pero-tratamos-de-aguantar-el-cimbronazo-y-serguir-vendiendo\/","title":{"rendered":"\u201cEl kilo de pan deber\u00eda valer 1300 $ pero tratamos de aguantar el cimbronazo y serguir vendiendo\u201d"},"content":{"rendered":"<p><strong>As\u00ed lo expres\u00f3 en \u201cVoces de la Ciudad\u201d el titular de Panader\u00eda La Paz, Gast\u00f3n Gonz\u00e1lez, al referirse a los aumentos de esta semana que llevaron el kilo de pan a tutearse con los mil pesos, aunque el empresario asegur\u00f3 que esos valores ya se quedan cortos.<\/strong><\/p>\n<p>Consultado por el periodista Jorge G\u00f3mez por los precios de referencia en las panader\u00edas, Gonz\u00e1lez confirm\u00f3 que \u201ca partir de lo que pas\u00f3 el lunes el kilo de pan ronda entre 900 y 1000 pesos, hay panader\u00edas que donde lo vas a encontrar a 850 o 900, y en otras a 1000 pesos, seg\u00fan lo que cada uno decidi\u00f3 aumentar\u201d, puntualizando que en La Paz se consigue a 900$.<\/p>\n<p>Gast\u00f3n revel\u00f3 seguidamente que \u201csiendo que se devalu\u00f3 el precio de la harina, los molinos aplicaron un 30%, por lo que la harina subi\u00f3 un 30%, pero nosotros no volcamos ese aumento al pan, sino un 10, 12 o 15%, porque si volcamos el 30% el kilo deber\u00eda costar m\u00e1s\u201d.<\/p>\n<p>Fue all\u00ed cuando asegur\u00f3 que el kilo \u201cdeber\u00eda valer 1300 pesos aproximadamente para sincerar el precio real que deber\u00edamos poner en el mostrador, pero tratamos de aguantar un poco el cimbronazo y seguir vendiendo porque no es la idea poner un precio que la gente no nos pueda comprar\u201d.<\/p>\n<p>Manifest\u00f3 en referencia a ello que \u201cno queremos pasar la barrera de los mil pesos porque es un n\u00famero violento, y si nos cuesta a nosotros, a la gente ni hablar\u201d, pero avis\u00f3 que \u201cahora falta aplicar el aumento del combustible, que la semana entrante va haber novedades porque eso incrementa el flete y se traslada al producto\u2026 pero bueno, no es culpa nuestra, es la realidad que vemos todos y no creo que se frene ac\u00e1 porque el panorama es incierto\u201d.<\/p>\n<p>Por \u00faltimo, Gonz\u00e1lez acot\u00f3 que \u201ctodos los productos vienen con un 20 o 30% m\u00e1s, y hoy la docena de facturas por ejemplo est\u00e1 entre 1800 y 2000 pesos; y los sanguchitos de miga 4 mil pesos promedio la docena\u201d, tras lo que concluy\u00f3 enojado que \u201cno est\u00e1 sincerada la econom\u00eda y no sabemos qu\u00e9 vale cada producto, hay mucho \u201cpor las dudas\u201d, mucha incertidumbre y el bolsillo est\u00e1 cada vez m\u00e1s flaco\u2026. es triste que un jubilado est\u00e1 eligiendo qu\u00e9 come y qu\u00e9 no\u201d.<\/p>\n","protected":false},"excerpt":{"rendered":"<p>As\u00ed lo expres\u00f3 en \u201cVoces de la Ciudad\u201d el titular de Panader\u00eda La Paz, Gast\u00f3n Gonz\u00e1lez, al referirse a los aumentos de esta semana que llevaron el kilo de pan a tutearse con los mil pesos, aunque el empresario asegur\u00f3 que esos valores ya se quedan cortos. Consultado por el periodista Jorge G\u00f3mez por los [&hellip;]<\/p>\n","protected":false},"author":3,"featured_media":102993,"comment_status":"open","ping_status":"open","sticky":false,"template":"","format":"standard","meta":{"footnotes":""},"categories":[3],"tags":[],"class_list":["post-102992","post","type-post","status-publish","format-standard","has-post-thumbnail","category-masnoticias"],"_links":{"self":[{"href":"https:\/\/primicias2262.com\/noticias\/wp-json\/wp\/v2\/posts\/102992","targetHints":{"allow":["GET"]}}],"collection":[{"href":"https:\/\/primicias2262.com\/noticias\/wp-json\/wp\/v2\/posts"}],"about":[{"href":"https:\/\/primicias2262.com\/noticias\/wp-json\/wp\/v2\/types\/post"}],"author":[{"embeddable":true,"href":"https:\/\/primicias2262.com\/noticias\/wp-json\/wp\/v2\/users\/3"}],"replies":[{"embeddable":true,"href":"https:\/\/primicias2262.com\/noticias\/wp-json\/wp\/v2\/comments?post=102992"}],"version-history":[{"count":1,"href":"https:\/\/primicias2262.com\/noticias\/wp-json\/wp\/v2\/posts\/102992\/revisions"}],"predecessor-version":[{"id":102994,"href":"https:\/\/primicias2262.com\/noticias\/wp-json\/wp\/v2\/posts\/102992\/revisions\/102994"}],"wp:featuredmedia":[{"embeddable":true,"href":"https:\/\/primicias2262.com\/noticias\/wp-json\/wp\/v2\/media\/102993"}],"wp:attachment":[{"href":"https:\/\/primicias2262.com\/noticias\/wp-json\/wp\/v2\/media?parent=102992"}],"wp:term":[{"taxonomy":"category","embeddable":true,"href":"https:\/\/primicias2262.com\/noticias\/wp-json\/wp\/v2\/categories?post=102992"},{"taxonomy":"post_tag","embeddable":true,"href":"https:\/\/primicias2262.com\/noticias\/wp-json\/wp\/v2\/tags?post=102992"}],"curies":[{"name":"wp","href":"https:\/\/api.w.org\/{rel}","templated":true}]}}