{"id":102995,"date":"2023-08-18T16:43:10","date_gmt":"2023-08-18T16:43:10","guid":{"rendered":"https:\/\/primicias2262.com\/noticias\/?p=102995"},"modified":"2023-08-19T21:32:19","modified_gmt":"2023-08-19T21:32:19","slug":"este-sabado-hay-operativo-de-castracion-masiva-en-el-cic-del-norte","status":"publish","type":"post","link":"https:\/\/primicias2262.com\/noticias\/este-sabado-hay-operativo-de-castracion-masiva-en-el-cic-del-norte\/","title":{"rendered":"Este s\u00e1bado hay operativo de castraci\u00f3n masiva en el CIC del norte"},"content":{"rendered":"<p>El operativo de castraci\u00f3n masiva que el municipio implementa en distintos barrios con la llegada del Quir\u00f3fano M\u00f3vil <strong>desembarcar\u00e1 este s\u00e1bado 26 de agosto en el Centro Integrador Comunitario (CIC) del Barrio Norte, en la intersecci\u00f3n de calles 92 y 49<\/strong>, con el objetivo de intervenir quir\u00fargicamente, y de forma totalmente gratuita a los perros y gatos de las zonas vecinas.<\/p>\n<p>El accionar, que organizan en forma conjunta la Secretar\u00eda de Salud y la Direcci\u00f3n de Bromatolog\u00eda e Higiene, que funciona bajo la \u00f3rbita de la cartera, dar\u00e1 inicio a las 9 de la ma\u00f1ana, por lo que los interesados en acercar a sus mascotas deber\u00e1n apersonarse media hora antes para hacerse con uno de los 45 turnos que se entregar\u00e1n.<\/p>\n<p>Es importante recordar que para este tipo de jornadas de sanitarismo animal se da prioridad a los vecinos de la zona, quienes deben ser mayores de edad para autorizar la operaci\u00f3n y llevar su DNI, para acreditar su identidad y su domicilio.<\/p>\n<p>Desde las \u00e1reas responsables explicaron, en cuanto al procedimiento, que \u201cprimero se hace la parte de felinos\u201d, para evitar que sufran estr\u00e9s, y posteriormente se procede con los caninos, que deben estar con 12 horas de ayuno s\u00f3lido para poder ser operados.<\/p>\n<p>Adem\u00e1s, \u201cse debe llevar una manta para abrigar a los animales cuando salen de la cirug\u00eda, por un tema de hipotermia; y los felinos se recomienda llevarlos en mochilas o bolsos de transporte\u201d, explicaron.<\/p>\n","protected":false},"excerpt":{"rendered":"<p>El operativo de castraci\u00f3n masiva que el municipio implementa en distintos barrios con la llegada del Quir\u00f3fano M\u00f3vil desembarcar\u00e1 este s\u00e1bado 26 de agosto en el Centro Integrador Comunitario (CIC) del Barrio Norte, en la intersecci\u00f3n de calles 92 y 49, con el objetivo de intervenir quir\u00fargicamente, y de forma totalmente gratuita a los perros [&hellip;]<\/p>\n","protected":false},"author":3,"featured_media":102996,"comment_status":"open","ping_status":"open","sticky":false,"template":"","format":"standard","meta":{"footnotes":""},"categories":[3],"tags":[],"class_list":["post-102995","post","type-post","status-publish","format-standard","has-post-thumbnail","category-masnoticias"],"_links":{"self":[{"href":"https:\/\/primicias2262.com\/noticias\/wp-json\/wp\/v2\/posts\/102995","targetHints":{"allow":["GET"]}}],"collection":[{"href":"https:\/\/primicias2262.com\/noticias\/wp-json\/wp\/v2\/posts"}],"about":[{"href":"https:\/\/primicias2262.com\/noticias\/wp-json\/wp\/v2\/types\/post"}],"author":[{"embeddable":true,"href":"https:\/\/primicias2262.com\/noticias\/wp-json\/wp\/v2\/users\/3"}],"replies":[{"embeddable":true,"href":"https:\/\/primicias2262.com\/noticias\/wp-json\/wp\/v2\/comments?post=102995"}],"version-history":[{"count":1,"href":"https:\/\/primicias2262.com\/noticias\/wp-json\/wp\/v2\/posts\/102995\/revisions"}],"predecessor-version":[{"id":102997,"href":"https:\/\/primicias2262.com\/noticias\/wp-json\/wp\/v2\/posts\/102995\/revisions\/102997"}],"wp:featuredmedia":[{"embeddable":true,"href":"https:\/\/primicias2262.com\/noticias\/wp-json\/wp\/v2\/media\/102996"}],"wp:attachment":[{"href":"https:\/\/primicias2262.com\/noticias\/wp-json\/wp\/v2\/media?parent=102995"}],"wp:term":[{"taxonomy":"category","embeddable":true,"href":"https:\/\/primicias2262.com\/noticias\/wp-json\/wp\/v2\/categories?post=102995"},{"taxonomy":"post_tag","embeddable":true,"href":"https:\/\/primicias2262.com\/noticias\/wp-json\/wp\/v2\/tags?post=102995"}],"curies":[{"name":"wp","href":"https:\/\/api.w.org\/{rel}","templated":true}]}}