{"id":102999,"date":"2023-08-18T16:55:04","date_gmt":"2023-08-18T16:55:04","guid":{"rendered":"https:\/\/primicias2262.com\/noticias\/?p=102999"},"modified":"2023-08-19T21:39:11","modified_gmt":"2023-08-19T21:39:11","slug":"etapa-final-del-cordon-cuneta-de-av-58-entre-81-y-91","status":"publish","type":"post","link":"https:\/\/primicias2262.com\/noticias\/etapa-final-del-cordon-cuneta-de-av-58-entre-81-y-91\/","title":{"rendered":"Etapa final del cord\u00f3n cuneta de Av. 58 entre 81 y 91"},"content":{"rendered":"<p><strong>Por Jorge G\u00f3mez<\/strong><\/p>\n<p><a href=\"https:\/\/primicias2262.com\/noticias\/wp-content\/uploads\/2023\/08\/WhatsApp-Image-2023-08-18-at-1.44.03-PM.jpeg\"><img loading=\"lazy\" decoding=\"async\" class=\"aligncenter size-full wp-image-103004\" src=\"https:\/\/primicias2262.com\/noticias\/wp-content\/uploads\/2023\/08\/WhatsApp-Image-2023-08-18-at-1.44.03-PM.jpeg\" alt=\"\" width=\"960\" height=\"960\" srcset=\"https:\/\/primicias2262.com\/noticias\/wp-content\/uploads\/2023\/08\/WhatsApp-Image-2023-08-18-at-1.44.03-PM.jpeg 960w, https:\/\/primicias2262.com\/noticias\/wp-content\/uploads\/2023\/08\/WhatsApp-Image-2023-08-18-at-1.44.03-PM-300x300.jpeg 300w, https:\/\/primicias2262.com\/noticias\/wp-content\/uploads\/2023\/08\/WhatsApp-Image-2023-08-18-at-1.44.03-PM-150x150.jpeg 150w, https:\/\/primicias2262.com\/noticias\/wp-content\/uploads\/2023\/08\/WhatsApp-Image-2023-08-18-at-1.44.03-PM-768x768.jpeg 768w, https:\/\/primicias2262.com\/noticias\/wp-content\/uploads\/2023\/08\/WhatsApp-Image-2023-08-18-at-1.44.03-PM-696x696.jpeg 696w\" sizes=\"auto, (max-width: 960px) 100vw, 960px\" \/><\/a><\/p>\n<p>Casi final de las tareas de construcci\u00f3n del cord\u00f3n cuneta que se ejecuta en la avenida 58 entre las calles 81 y 91 -total de 10 cuadras, cinco por cada lado-, en v\u00edsperas de proceder, acto seguido de su culminaci\u00f3n, a la pavimentaci\u00f3n del tramo en cuesti\u00f3n. Sectores del denominado Barrio Capuchinos de Necochea.<\/p>\n<p>La iniciativa da cuenta asimismo la presencia de alcantarillas de los desagues pluviales. Fotos y datos enviados por el secretario y el subsecretario de Obras P\u00fablicas de la Municipalidad de Necochea, Adri\u00e1n Furno y Lisandro Dones, respectivamente.<\/p>\n<div id='gallery-1' class='gallery galleryid-102999 gallery-columns-3 gallery-size-medium'><figure class='gallery-item'>\n\t\t\t<div class='gallery-icon landscape'>\n\t\t\t\t<a href='https:\/\/primicias2262.com\/noticias\/etapa-final-del-cordon-cuneta-de-av-58-entre-81-y-91\/whatsapp-image-2023-08-18-at-1-44-03-pm4\/'><img loading=\"lazy\" decoding=\"async\" width=\"300\" height=\"300\" src=\"https:\/\/primicias2262.com\/noticias\/wp-content\/uploads\/2023\/08\/WhatsApp-Image-2023-08-18-at-1.44.03-PM4-300x300.jpeg\" class=\"attachment-medium size-medium\" alt=\"\" srcset=\"https:\/\/primicias2262.com\/noticias\/wp-content\/uploads\/2023\/08\/WhatsApp-Image-2023-08-18-at-1.44.03-PM4-300x300.jpeg 300w, https:\/\/primicias2262.com\/noticias\/wp-content\/uploads\/2023\/08\/WhatsApp-Image-2023-08-18-at-1.44.03-PM4-150x150.jpeg 150w, https:\/\/primicias2262.com\/noticias\/wp-content\/uploads\/2023\/08\/WhatsApp-Image-2023-08-18-at-1.44.03-PM4-768x768.jpeg 768w, https:\/\/primicias2262.com\/noticias\/wp-content\/uploads\/2023\/08\/WhatsApp-Image-2023-08-18-at-1.44.03-PM4-696x696.jpeg 696w, https:\/\/primicias2262.com\/noticias\/wp-content\/uploads\/2023\/08\/WhatsApp-Image-2023-08-18-at-1.44.03-PM4.jpeg 960w\" sizes=\"auto, (max-width: 300px) 100vw, 300px\" \/><\/a>\n\t\t\t<\/div><\/figure><figure class='gallery-item'>\n\t\t\t<div class='gallery-icon landscape'>\n\t\t\t\t<a href='https:\/\/primicias2262.com\/noticias\/etapa-final-del-cordon-cuneta-de-av-58-entre-81-y-91\/whatsapp-image-2023-08-18-at-1-44-03-pm3\/'><img loading=\"lazy\" decoding=\"async\" width=\"300\" height=\"300\" src=\"https:\/\/primicias2262.com\/noticias\/wp-content\/uploads\/2023\/08\/WhatsApp-Image-2023-08-18-at-1.44.03-PM3-300x300.jpeg\" class=\"attachment-medium size-medium\" alt=\"\" srcset=\"https:\/\/primicias2262.com\/noticias\/wp-content\/uploads\/2023\/08\/WhatsApp-Image-2023-08-18-at-1.44.03-PM3-300x300.jpeg 300w, https:\/\/primicias2262.com\/noticias\/wp-content\/uploads\/2023\/08\/WhatsApp-Image-2023-08-18-at-1.44.03-PM3-150x150.jpeg 150w, https:\/\/primicias2262.com\/noticias\/wp-content\/uploads\/2023\/08\/WhatsApp-Image-2023-08-18-at-1.44.03-PM3-768x768.jpeg 768w, https:\/\/primicias2262.com\/noticias\/wp-content\/uploads\/2023\/08\/WhatsApp-Image-2023-08-18-at-1.44.03-PM3-696x696.jpeg 696w, https:\/\/primicias2262.com\/noticias\/wp-content\/uploads\/2023\/08\/WhatsApp-Image-2023-08-18-at-1.44.03-PM3.jpeg 960w\" sizes=\"auto, (max-width: 300px) 100vw, 300px\" \/><\/a>\n\t\t\t<\/div><\/figure><figure class='gallery-item'>\n\t\t\t<div class='gallery-icon landscape'>\n\t\t\t\t<a href='https:\/\/primicias2262.com\/noticias\/etapa-final-del-cordon-cuneta-de-av-58-entre-81-y-91\/whatsapp-image-2023-08-18-at-1-44-03-pm1\/'><img loading=\"lazy\" decoding=\"async\" width=\"300\" height=\"300\" src=\"https:\/\/primicias2262.com\/noticias\/wp-content\/uploads\/2023\/08\/WhatsApp-Image-2023-08-18-at-1.44.03-PM1-300x300.jpeg\" class=\"attachment-medium size-medium\" alt=\"\" srcset=\"https:\/\/primicias2262.com\/noticias\/wp-content\/uploads\/2023\/08\/WhatsApp-Image-2023-08-18-at-1.44.03-PM1-300x300.jpeg 300w, https:\/\/primicias2262.com\/noticias\/wp-content\/uploads\/2023\/08\/WhatsApp-Image-2023-08-18-at-1.44.03-PM1-150x150.jpeg 150w, https:\/\/primicias2262.com\/noticias\/wp-content\/uploads\/2023\/08\/WhatsApp-Image-2023-08-18-at-1.44.03-PM1-768x768.jpeg 768w, https:\/\/primicias2262.com\/noticias\/wp-content\/uploads\/2023\/08\/WhatsApp-Image-2023-08-18-at-1.44.03-PM1-696x696.jpeg 696w, https:\/\/primicias2262.com\/noticias\/wp-content\/uploads\/2023\/08\/WhatsApp-Image-2023-08-18-at-1.44.03-PM1.jpeg 960w\" sizes=\"auto, (max-width: 300px) 100vw, 300px\" \/><\/a>\n\t\t\t<\/div><\/figure>\n\t\t<\/div>\n\n","protected":false},"excerpt":{"rendered":"<p>Por Jorge G\u00f3mez Casi final de las tareas de construcci\u00f3n del cord\u00f3n cuneta que se ejecuta en la avenida 58 entre las calles 81 y 91 -total de 10 cuadras, cinco por cada lado-, en v\u00edsperas de proceder, acto seguido de su culminaci\u00f3n, a la pavimentaci\u00f3n del tramo en cuesti\u00f3n. Sectores del denominado Barrio Capuchinos [&hellip;]<\/p>\n","protected":false},"author":3,"featured_media":103001,"comment_status":"open","ping_status":"open","sticky":false,"template":"","format":"standard","meta":{"footnotes":""},"categories":[3],"tags":[],"class_list":["post-102999","post","type-post","status-publish","format-standard","has-post-thumbnail","category-masnoticias"],"_links":{"self":[{"href":"https:\/\/primicias2262.com\/noticias\/wp-json\/wp\/v2\/posts\/102999","targetHints":{"allow":["GET"]}}],"collection":[{"href":"https:\/\/primicias2262.com\/noticias\/wp-json\/wp\/v2\/posts"}],"about":[{"href":"https:\/\/primicias2262.com\/noticias\/wp-json\/wp\/v2\/types\/post"}],"author":[{"embeddable":true,"href":"https:\/\/primicias2262.com\/noticias\/wp-json\/wp\/v2\/users\/3"}],"replies":[{"embeddable":true,"href":"https:\/\/primicias2262.com\/noticias\/wp-json\/wp\/v2\/comments?post=102999"}],"version-history":[{"count":1,"href":"https:\/\/primicias2262.com\/noticias\/wp-json\/wp\/v2\/posts\/102999\/revisions"}],"predecessor-version":[{"id":103005,"href":"https:\/\/primicias2262.com\/noticias\/wp-json\/wp\/v2\/posts\/102999\/revisions\/103005"}],"wp:featuredmedia":[{"embeddable":true,"href":"https:\/\/primicias2262.com\/noticias\/wp-json\/wp\/v2\/media\/103001"}],"wp:attachment":[{"href":"https:\/\/primicias2262.com\/noticias\/wp-json\/wp\/v2\/media?parent=102999"}],"wp:term":[{"taxonomy":"category","embeddable":true,"href":"https:\/\/primicias2262.com\/noticias\/wp-json\/wp\/v2\/categories?post=102999"},{"taxonomy":"post_tag","embeddable":true,"href":"https:\/\/primicias2262.com\/noticias\/wp-json\/wp\/v2\/tags?post=102999"}],"curies":[{"name":"wp","href":"https:\/\/api.w.org\/{rel}","templated":true}]}}