{"id":103014,"date":"2023-08-19T21:31:32","date_gmt":"2023-08-19T21:31:32","guid":{"rendered":"https:\/\/primicias2262.com\/noticias\/?p=103014"},"modified":"2023-08-19T21:31:32","modified_gmt":"2023-08-19T21:31:32","slug":"el-dia-de-la-ninez-se-celebra-este-domingo-en-el-lago-de-los-cisnes","status":"publish","type":"post","link":"https:\/\/primicias2262.com\/noticias\/el-dia-de-la-ninez-se-celebra-este-domingo-en-el-lago-de-los-cisnes\/","title":{"rendered":"El D\u00eda de la Ni\u00f1ez se celebra este domingo en el Lago de los Cisnes"},"content":{"rendered":"<p><strong>La iniciativa es impulsada por la comuna en una acci\u00f3n conjunta con el sector privado para brindar a ni\u00f1os y ni\u00f1as que asisten a comedores, merenderos e instituciones intermedias la posibilidad de vivir un domingo diferente en el paseo tur\u00edstico, con acceso al parque de diversiones Mega Park.<\/strong><\/p>\n<p>A trav\u00e9s de la articulaci\u00f3n con el sector privado, este domingo 20 de agosto la Municipalidad de Necochea estar\u00e1 celebrando el D\u00eda de las Infancias en el complejo del Lago de los Cisnes, junto a los ni\u00f1os y ni\u00f1as que asisten a comedores, merenderos e instituciones intermedias.<\/p>\n<p>Para participar de la actividad, quienes asistan deber\u00e1n contar con un pase que les permitir\u00e1 el acceso a tres de los juegos del parque de diversiones\u00a0Mega Park, que se encuentra frente a las instalaciones del emblem\u00e1tico paseo tur\u00edstico, en el predio donde funcionaba el kart\u00f3dromo.<\/p>\n<p>Al respecto, Ver\u00f3nica Dones, directora de Concesiones de la comuna, \u00e1rea que se ocup\u00f3 de forjar este enlace con la Asociaci\u00f3n Civil \u201cAmigos del Lago\u201d con el objetivo de brindar una jornada distinta para toda la infancia, detall\u00f3 que ese domingo \u201cva a estar abierto todo el complejo, tanto el Lago de los Cisnes como la parte del kart\u00f3dromo para que los chicos puedan asistir en forma gratuita\u201d.<\/p>\n<p>Para ello, \u201cdesde la Direcci\u00f3n hemos armado unas entradas que vamos a estar repartiendo en comedores y asociaciones intermedias\u201d, explic\u00f3, agregando que \u201cla idea es poder hacerles llegar los pases a todas las entidades de bien p\u00fablico\u201d, aunque, en el caso de haber omitido alguna de ellas, tambi\u00e9n se podr\u00e1n retirar desde el mi\u00e9rcoles venidero en la dependencia de la comuna, que funciona en el edificio anexo al Palacio Municipal, sobre calle 56.<\/p>\n<p>Con este acceso, \u201clos chicos van a poder elegir entre todos los juegos, cada uno va a poder participar en tres de ellos\u201d, revel\u00f3 la funcionaria, especificando que \u201cel parque va a estar abierto desde las 9 de la ma\u00f1ana y hasta las 18 horas\u201d, y que \u201cen esa franja horaria los chicos podr\u00e1n ir acerc\u00e1ndose\u201d para celebrar su d\u00eda.<\/p>\n<p>Desde el \u00e1rea destacaron que el evento quedar\u00e1 suspendido por lluvia, a sabiendas de que el lugar no cuenta con un resguardo a cubierto para realizar actividades recreativas para tanta cantidad de ni\u00f1os y ni\u00f1as.<\/p>\n","protected":false},"excerpt":{"rendered":"<p>La iniciativa es impulsada por la comuna en una acci\u00f3n conjunta con el sector privado para brindar a ni\u00f1os y ni\u00f1as que asisten a comedores, merenderos e instituciones intermedias la posibilidad de vivir un domingo diferente en el paseo tur\u00edstico, con acceso al parque de diversiones Mega Park. A trav\u00e9s de la articulaci\u00f3n con el [&hellip;]<\/p>\n","protected":false},"author":3,"featured_media":103015,"comment_status":"open","ping_status":"open","sticky":false,"template":"","format":"standard","meta":{"footnotes":""},"categories":[5],"tags":[],"class_list":{"0":"post-103014","1":"post","2":"type-post","3":"status-publish","4":"format-standard","5":"has-post-thumbnail","7":"category-neco"},"_links":{"self":[{"href":"https:\/\/primicias2262.com\/noticias\/wp-json\/wp\/v2\/posts\/103014","targetHints":{"allow":["GET"]}}],"collection":[{"href":"https:\/\/primicias2262.com\/noticias\/wp-json\/wp\/v2\/posts"}],"about":[{"href":"https:\/\/primicias2262.com\/noticias\/wp-json\/wp\/v2\/types\/post"}],"author":[{"embeddable":true,"href":"https:\/\/primicias2262.com\/noticias\/wp-json\/wp\/v2\/users\/3"}],"replies":[{"embeddable":true,"href":"https:\/\/primicias2262.com\/noticias\/wp-json\/wp\/v2\/comments?post=103014"}],"version-history":[{"count":1,"href":"https:\/\/primicias2262.com\/noticias\/wp-json\/wp\/v2\/posts\/103014\/revisions"}],"predecessor-version":[{"id":103016,"href":"https:\/\/primicias2262.com\/noticias\/wp-json\/wp\/v2\/posts\/103014\/revisions\/103016"}],"wp:featuredmedia":[{"embeddable":true,"href":"https:\/\/primicias2262.com\/noticias\/wp-json\/wp\/v2\/media\/103015"}],"wp:attachment":[{"href":"https:\/\/primicias2262.com\/noticias\/wp-json\/wp\/v2\/media?parent=103014"}],"wp:term":[{"taxonomy":"category","embeddable":true,"href":"https:\/\/primicias2262.com\/noticias\/wp-json\/wp\/v2\/categories?post=103014"},{"taxonomy":"post_tag","embeddable":true,"href":"https:\/\/primicias2262.com\/noticias\/wp-json\/wp\/v2\/tags?post=103014"}],"curies":[{"name":"wp","href":"https:\/\/api.w.org\/{rel}","templated":true}]}}