{"id":103020,"date":"2023-08-22T17:07:53","date_gmt":"2023-08-22T17:07:53","guid":{"rendered":"https:\/\/primicias2262.com\/noticias\/?p=103020"},"modified":"2023-08-23T13:36:53","modified_gmt":"2023-08-23T13:36:53","slug":"cambios-en-el-puerto-si-hay-que-parar-las-actividades-lo-haremos-porque-no-queremos-sufrir-mas-atropellos","status":"publish","type":"post","link":"https:\/\/primicias2262.com\/noticias\/cambios-en-el-puerto-si-hay-que-parar-las-actividades-lo-haremos-porque-no-queremos-sufrir-mas-atropellos\/","title":{"rendered":"Cambios en el Puerto: \u201cSi hay que parar las actividades lo haremos porque no queremos sufrir m\u00e1s atropellos\u201d"},"content":{"rendered":"<p><strong>As\u00ed lo expres\u00f3 el gremialista Daniel Monjes en \u201cVoces de la Ciudad\u201d, luego de que el gobierno provincial comunicara cambios en el directorio del Consorcio de Gesti\u00f3n de Puerto Quequ\u00e9n, entre ellos la inclusi\u00f3n de Mariano Carrillo por la Uatre, \u201calguien que nunca tuvo representaci\u00f3n en el \u00e1mbito portuario\u201d, justific\u00f3 Monjes.<\/strong><\/p>\n<p>El gobierno de Axel Kicillof aprob\u00f3 la conformaci\u00f3n del nuevo directorio del Consorcio de Gesti\u00f3n de Puerto Quequ\u00e9n, ratificando a Jorge \u00c1lvaro como presidente del organismo y destinando los espacios del sector sindical para el pr\u00f3ximo per\u00edodo a Mariano Daniel Carrillo (Uatre) y Gustavo Gavi\u00e1n (Dragado y Balizamiento).\u00a0Hasta ahora los representantes gremiales eran Daniel Monjes y Artemio Zufriategui., y ante la consulta del periodista Jorge G\u00f3mez, Monjes asegur\u00f3 que \u201cme enter\u00e9 de la resoluci\u00f3n que sali\u00f3 el viernes por la tarde, en la cual se deja ver otro atropello sobre Puerto Quequ\u00e9n de parte de la Provincia de Buenos Aires\u201d.<\/p>\n<p>Si bien reconoci\u00f3 que ha sido muy cr\u00edtico con el presidente del Consorcio, Jorge \u00c1lvaro, lo cierto es que \u201cen esto voy a dejarlo de lado porque no ha sido una decisi\u00f3n de \u00e9l, sino que obedece a arreglos pol\u00edticos del gobernador Axel Kicillof con la diputada Natalia S\u00e1nchez J\u00e1uregui\u201d. Tal es as\u00ed, asegur\u00f3, \u201cque Uatre jam\u00e1s particip\u00f3 del directorio hist\u00f3ricamente, esas dos bancas son para los gremios que est\u00e1n dentro del \u00e1mbito portuario\u2026, ni el mismo Ger\u00f3nimo Venegas en su momento con todo su poder, jam\u00e1s postul\u00f3 a nadie de Uatre para ocupar ese sill\u00f3n, pudi\u00e9ndolo hacer tranquilamente\u201d.<\/p>\n<p>Por ende, \u201clos gremios estamos muy preocupados porque esto es el principio de algo y despu\u00e9s no s\u00e9 con qu\u00e9 se van a venir\u201d, se\u00f1al\u00f3 Monjes, ampliando que \u201cest\u00e1n sacando una representatividad leg\u00edtima a los trabajadores de Puerto Quequ\u00e9n viniendo este se\u00f1or (por Carrillo) que ni siquiera conozco, y solamente s\u00e9 que es el esposo de la diputada S\u00e1nchez J\u00e1uregui\u201d.<\/p>\n<p>Agreg\u00f3 sobre el representante de Uatre que \u201cnunca en mi vida lo vi y nunca tuvo representaci\u00f3n en el \u00e1mbito portuario en Quequ\u00e9n, tal es as\u00ed que la resoluci\u00f3n dice Uatre Buenos Aires, que no s\u00e9 qu\u00e9 tendr\u00e1 que ver con Puerto Quequ\u00e9n\u2026 no s\u00e9 en qu\u00e9 se basan para nombrarlo\u2026 realmente estamos sorprendidos y preocupados porque nos est\u00e1n ocupando las bancas que leg\u00edtimamente nos corresponden, y adem\u00e1s atr\u00e1s de esto hay otras cosas no muy claras que tienen que ver con sentar a este se\u00f1or en el Consorcio. Todo ha sido muy desprolijo\u201d.<\/p>\n<p>Ampli\u00f3 seguidamente que \u201ca nosotros se nos vencieron en octubre del a\u00f1o pasado los mandatos y llegamos hasta agosto con una extensi\u00f3n que nos mandaron por WhatsApp\u2026 as\u00ed de prolijos son, que incluso no les mandaron la invitaci\u00f3n como corresponde a gremios representativos como URGARA o SUPA. Aparte de no hacer las cosas bien son desprolijos y este se\u00f1or est\u00e1 claramente puesto a dedo\u201d, otra vez en referencia a Carrillo.<\/p>\n<p>Monjes asegur\u00f3 que \u201ctodo el fin de semana me han llamado gremios hermanos para expresarme la preocupaci\u00f3n, y esta semana tendremos una reuni\u00f3n para ver los pasos a seguir porque esto no puede estar ocurriendo\u201d, aunque dej\u00f3 entrever que \u201cme extra\u00f1a mucho el caso de la FEMPINRA, que representa a algunos de los trabajadores de Puerto Quequ\u00e9n y no se haya expresado en este sentido\u2026 son cosas que no pueden suceder porque si no los trabajadores van a ir perdiendo cada vez m\u00e1s representatividad en el Puerto. As\u00ed que esperamos que FEMPINRA tome cartas en el asunto tambi\u00e9n, pienso que tienen que estar tan preocupados como nosotros\u201d.<\/p>\n<p>Finalmente, argument\u00f3 tambi\u00e9n que \u201cCarrillo no cumple absolutamente ning\u00fan requisito de los que solicita la Ley 11.414, que es la ley del Puerto y su reglamentaci\u00f3n, as\u00ed que despu\u00e9s de la reuni\u00f3n saldremos a repudiar todo esto, y en caso de que tengamos que hacer alguna medida de acci\u00f3n directa y parar las actividades de Puerto Quequ\u00e9n, lo haremos, porque no queremos seguir sufriendo m\u00e1s estos atropellos y que alguien que no tiene nada que ver en el Puerto est\u00e9 sentado en representaci\u00f3n de los trabajadores\u201d.<\/p>\n","protected":false},"excerpt":{"rendered":"<p>As\u00ed lo expres\u00f3 el gremialista Daniel Monjes en \u201cVoces de la Ciudad\u201d, luego de que el gobierno provincial comunicara cambios en el directorio del Consorcio de Gesti\u00f3n de Puerto Quequ\u00e9n, entre ellos la inclusi\u00f3n de Mariano Carrillo por la Uatre, \u201calguien que nunca tuvo representaci\u00f3n en el \u00e1mbito portuario\u201d, justific\u00f3 Monjes. El gobierno de Axel [&hellip;]<\/p>\n","protected":false},"author":3,"featured_media":103021,"comment_status":"open","ping_status":"open","sticky":false,"template":"","format":"standard","meta":{"footnotes":""},"categories":[3],"tags":[],"class_list":["post-103020","post","type-post","status-publish","format-standard","has-post-thumbnail","category-masnoticias"],"_links":{"self":[{"href":"https:\/\/primicias2262.com\/noticias\/wp-json\/wp\/v2\/posts\/103020","targetHints":{"allow":["GET"]}}],"collection":[{"href":"https:\/\/primicias2262.com\/noticias\/wp-json\/wp\/v2\/posts"}],"about":[{"href":"https:\/\/primicias2262.com\/noticias\/wp-json\/wp\/v2\/types\/post"}],"author":[{"embeddable":true,"href":"https:\/\/primicias2262.com\/noticias\/wp-json\/wp\/v2\/users\/3"}],"replies":[{"embeddable":true,"href":"https:\/\/primicias2262.com\/noticias\/wp-json\/wp\/v2\/comments?post=103020"}],"version-history":[{"count":2,"href":"https:\/\/primicias2262.com\/noticias\/wp-json\/wp\/v2\/posts\/103020\/revisions"}],"predecessor-version":[{"id":103051,"href":"https:\/\/primicias2262.com\/noticias\/wp-json\/wp\/v2\/posts\/103020\/revisions\/103051"}],"wp:featuredmedia":[{"embeddable":true,"href":"https:\/\/primicias2262.com\/noticias\/wp-json\/wp\/v2\/media\/103021"}],"wp:attachment":[{"href":"https:\/\/primicias2262.com\/noticias\/wp-json\/wp\/v2\/media?parent=103020"}],"wp:term":[{"taxonomy":"category","embeddable":true,"href":"https:\/\/primicias2262.com\/noticias\/wp-json\/wp\/v2\/categories?post=103020"},{"taxonomy":"post_tag","embeddable":true,"href":"https:\/\/primicias2262.com\/noticias\/wp-json\/wp\/v2\/tags?post=103020"}],"curies":[{"name":"wp","href":"https:\/\/api.w.org\/{rel}","templated":true}]}}