{"id":103028,"date":"2023-08-23T07:11:47","date_gmt":"2023-08-23T07:11:47","guid":{"rendered":"https:\/\/primicias2262.com\/noticias\/?p=103028"},"modified":"2023-08-24T17:17:15","modified_gmt":"2023-08-24T17:17:15","slug":"nadadores-de-todos-al-agua-en-lo-mas-alto-de-podios-nacionales","status":"publish","type":"post","link":"https:\/\/primicias2262.com\/noticias\/nadadores-de-todos-al-agua-en-lo-mas-alto-de-podios-nacionales\/","title":{"rendered":"Nadadores de Todos al Agua en lo m\u00e1s alto de podios nacionales"},"content":{"rendered":"<p><strong>Los nadadores de la escuela municipal de nataci\u00f3n adaptada de Necochea, Nicol\u00e1s Am\u00e9ndola y Javier Loncan, tuvieron grandes desempe\u00f1os en la cita cordobesa y se trajeron muchas medallas.<\/strong><\/p>\n<p>Con la participaci\u00f3n de Nicol\u00e1s Am\u00e9ndola y Javier Loncan, acompa\u00f1ados por el coordinador y entrenador, Marcos Bertone, la Escuela Municipal de Nataci\u00f3n Adaptada \u201cTodos al Agua\u201d estuvo representada con \u00e9xito en el 2\u00ba Torneo Nacional de nataci\u00f3n para S\u00edndrome de Down, selectivo y preparativo para los Trisome Games 2024 en Turqu\u00eda.<\/p>\n<p>La cita fue en el Estadio \u201cMario Alberto Kempes\u201d de C\u00f3rdoba, donde confluy\u00f3 la participaci\u00f3n de instituciones de todo el pa\u00eds y hubo cerca de 100 deportistas.<\/p>\n<p>En el caso de \u201cTodos al Agua\u201d, su nadador m\u00e1s experimentado, Nicol\u00e1s Am\u00e9ndola, tuvo un excelente desempe\u00f1o y logr\u00f3 medallas de oro en las pruebas de 50 metros pecho, 50 metros libres y 50 metros mariposa; como as\u00ed medalla de plata en 100 metros libres.<\/p>\n<p>Por su parte, Javier Loncan particip\u00f3 en pruebas promocionales y en categor\u00eda Master 1 y cosech\u00f3 medallas de oro en 25 metros libre y 25 metros mariposa, y medalla de plata en 50 metros libres.<\/p>\n<p>Desde la coordinaci\u00f3n de la escuela, el Prof. Marceos Bertone destac\u00f3 el respaldo de la Direcci\u00f3n de Deportes, a cargo de Guadalupe Hern\u00e1ndez, e hizo extensivo el agradecimiento a las familias que acompa\u00f1aron y a \u201cIntegra Sport\u201d que facilit\u00f3 el traslado y alojamiento de los necochenses.<\/p>\n","protected":false},"excerpt":{"rendered":"<p>Los nadadores de la escuela municipal de nataci\u00f3n adaptada de Necochea, Nicol\u00e1s Am\u00e9ndola y Javier Loncan, tuvieron grandes desempe\u00f1os en la cita cordobesa y se trajeron muchas medallas. Con la participaci\u00f3n de Nicol\u00e1s Am\u00e9ndola y Javier Loncan, acompa\u00f1ados por el coordinador y entrenador, Marcos Bertone, la Escuela Municipal de Nataci\u00f3n Adaptada \u201cTodos al Agua\u201d estuvo [&hellip;]<\/p>\n","protected":false},"author":3,"featured_media":103029,"comment_status":"open","ping_status":"open","sticky":false,"template":"","format":"standard","meta":{"footnotes":""},"categories":[3],"tags":[],"class_list":["post-103028","post","type-post","status-publish","format-standard","has-post-thumbnail","category-masnoticias"],"_links":{"self":[{"href":"https:\/\/primicias2262.com\/noticias\/wp-json\/wp\/v2\/posts\/103028","targetHints":{"allow":["GET"]}}],"collection":[{"href":"https:\/\/primicias2262.com\/noticias\/wp-json\/wp\/v2\/posts"}],"about":[{"href":"https:\/\/primicias2262.com\/noticias\/wp-json\/wp\/v2\/types\/post"}],"author":[{"embeddable":true,"href":"https:\/\/primicias2262.com\/noticias\/wp-json\/wp\/v2\/users\/3"}],"replies":[{"embeddable":true,"href":"https:\/\/primicias2262.com\/noticias\/wp-json\/wp\/v2\/comments?post=103028"}],"version-history":[{"count":2,"href":"https:\/\/primicias2262.com\/noticias\/wp-json\/wp\/v2\/posts\/103028\/revisions"}],"predecessor-version":[{"id":103099,"href":"https:\/\/primicias2262.com\/noticias\/wp-json\/wp\/v2\/posts\/103028\/revisions\/103099"}],"wp:featuredmedia":[{"embeddable":true,"href":"https:\/\/primicias2262.com\/noticias\/wp-json\/wp\/v2\/media\/103029"}],"wp:attachment":[{"href":"https:\/\/primicias2262.com\/noticias\/wp-json\/wp\/v2\/media?parent=103028"}],"wp:term":[{"taxonomy":"category","embeddable":true,"href":"https:\/\/primicias2262.com\/noticias\/wp-json\/wp\/v2\/categories?post=103028"},{"taxonomy":"post_tag","embeddable":true,"href":"https:\/\/primicias2262.com\/noticias\/wp-json\/wp\/v2\/tags?post=103028"}],"curies":[{"name":"wp","href":"https:\/\/api.w.org\/{rel}","templated":true}]}}