{"id":103031,"date":"2023-08-22T18:24:47","date_gmt":"2023-08-22T18:24:47","guid":{"rendered":"https:\/\/primicias2262.com\/noticias\/?p=103031"},"modified":"2023-08-23T17:04:43","modified_gmt":"2023-08-23T17:04:43","slug":"rigen-desde-este-martes-el-nuevo-valor-de-la-bajada-de-bandera-de-los-taxis","status":"publish","type":"post","link":"https:\/\/primicias2262.com\/noticias\/rigen-desde-este-martes-el-nuevo-valor-de-la-bajada-de-bandera-de-los-taxis\/","title":{"rendered":"Rigen desde este martes el nuevo valor de la bajada de bandera de los taxis"},"content":{"rendered":"<p><strong>Nicol\u00e1s Guiller\u00f3n de Taxis Necochea, confirm\u00f3 los cambios en \u201cVoces de la Ciudad\u201d, durante una breve comunicaci\u00f3n telef\u00f3nica con el periodista Jorge G\u00f3mez.<\/strong><\/p>\n<p>\u201cEste aumento se firm\u00f3 bajo refer\u00e9ndum por la situaci\u00f3n econ\u00f3mica actual, la hab\u00edamos pedido el 30 del mes pasado y tuvimos una reuni\u00f3n en la Comisi\u00f3n de Transporte donde decidieron darnos el aumento\u201d, explic\u00f3 para poner en contexto.<\/p>\n<p>Por ende, \u201ca partir de hoy va a ser de 400 pesos la bajada de bandera y de 35 pesos la ficha cada 130 metros y cada 60 segundos\u201d, anotici\u00f3 Guiller\u00f3n. De esta forma, la bajada de bandera de los taxis pas\u00f3 de 300 a 400 pesos y la ficha de 25 a 35 pesos.<\/p>\n<p>Vale recordarse que a diferencia del servicio de rem\u00eds, es la Municipalidad de Necochea la que rige y establece el valor de los taxis.<\/p>\n","protected":false},"excerpt":{"rendered":"<p>Nicol\u00e1s Guiller\u00f3n de Taxis Necochea, confirm\u00f3 los cambios en \u201cVoces de la Ciudad\u201d, durante una breve comunicaci\u00f3n telef\u00f3nica con el periodista Jorge G\u00f3mez. \u201cEste aumento se firm\u00f3 bajo refer\u00e9ndum por la situaci\u00f3n econ\u00f3mica actual, la hab\u00edamos pedido el 30 del mes pasado y tuvimos una reuni\u00f3n en la Comisi\u00f3n de Transporte donde decidieron darnos el [&hellip;]<\/p>\n","protected":false},"author":3,"featured_media":103032,"comment_status":"open","ping_status":"open","sticky":false,"template":"","format":"standard","meta":{"footnotes":""},"categories":[3],"tags":[],"class_list":["post-103031","post","type-post","status-publish","format-standard","has-post-thumbnail","category-masnoticias"],"_links":{"self":[{"href":"https:\/\/primicias2262.com\/noticias\/wp-json\/wp\/v2\/posts\/103031","targetHints":{"allow":["GET"]}}],"collection":[{"href":"https:\/\/primicias2262.com\/noticias\/wp-json\/wp\/v2\/posts"}],"about":[{"href":"https:\/\/primicias2262.com\/noticias\/wp-json\/wp\/v2\/types\/post"}],"author":[{"embeddable":true,"href":"https:\/\/primicias2262.com\/noticias\/wp-json\/wp\/v2\/users\/3"}],"replies":[{"embeddable":true,"href":"https:\/\/primicias2262.com\/noticias\/wp-json\/wp\/v2\/comments?post=103031"}],"version-history":[{"count":2,"href":"https:\/\/primicias2262.com\/noticias\/wp-json\/wp\/v2\/posts\/103031\/revisions"}],"predecessor-version":[{"id":103071,"href":"https:\/\/primicias2262.com\/noticias\/wp-json\/wp\/v2\/posts\/103031\/revisions\/103071"}],"wp:featuredmedia":[{"embeddable":true,"href":"https:\/\/primicias2262.com\/noticias\/wp-json\/wp\/v2\/media\/103032"}],"wp:attachment":[{"href":"https:\/\/primicias2262.com\/noticias\/wp-json\/wp\/v2\/media?parent=103031"}],"wp:term":[{"taxonomy":"category","embeddable":true,"href":"https:\/\/primicias2262.com\/noticias\/wp-json\/wp\/v2\/categories?post=103031"},{"taxonomy":"post_tag","embeddable":true,"href":"https:\/\/primicias2262.com\/noticias\/wp-json\/wp\/v2\/tags?post=103031"}],"curies":[{"name":"wp","href":"https:\/\/api.w.org\/{rel}","templated":true}]}}