{"id":103041,"date":"2023-08-22T18:42:56","date_gmt":"2023-08-22T18:42:56","guid":{"rendered":"https:\/\/primicias2262.com\/noticias\/?p=103041"},"modified":"2023-08-22T18:42:56","modified_gmt":"2023-08-22T18:42:56","slug":"el-gobierno-monitorea-los-hechos-delictivos-y-descarta-que-se-trate-de-saqueos","status":"publish","type":"post","link":"https:\/\/primicias2262.com\/noticias\/el-gobierno-monitorea-los-hechos-delictivos-y-descarta-que-se-trate-de-saqueos\/","title":{"rendered":"El Gobierno monitorea los hechos delictivos y descarta que se trate de saqueos"},"content":{"rendered":"<p>Ante los hechos delictivos registrados en supermercados y comercios en las provincias de C\u00f3rdoba y Mendoza, el Gobierno sigue de cerca los episodios y <strong>aseguran que no se trata de saqueos sino de acciones \u00abincentivadas para llamar la atenci\u00f3n\u00bb<\/strong>.<\/p>\n<p>Desde el Ministerio de Seguridad y la Jefatura de Gabinete monitorean el accionar de lo que definen como un grupo organizado que \u00abintenta llamar la atenci\u00f3n\u00bb y que coordina acciones v\u00eda WhatsApp.\u00a0As\u00ed lo defini\u00f3 hoy el ministro de Seguridad,\u00a0<strong>An\u00edbal Fern\u00e1ndez<\/strong>, quien adem\u00e1s revel\u00f3 que se trata de<strong> un sector reducido que busca generar conflicto<\/strong>.<\/p>\n<p>\u00abDesde la semana pasada tenemos detectado alg\u00fan intento de armar, a trav\u00e9s de WhatsApp, hechos de alguna caracter\u00edstica\u00bb, sostuvo.<\/p>\n<p>En la misma l\u00ednea, plante\u00f3: \u00abHemos tenido un hecho en la 1-11- 14, una pretensi\u00f3n de robar un local, lo impidieron los vecinos y reaccion\u00f3 la Gendarmer\u00eda con rapidez\u00bb.<\/p>\n<p>En la puertas del Ministerio de Seguridad, agreg\u00f3: \u00ab<strong>Alguien lo est\u00e1 incentivando<\/strong>, buscando alguna alternativa que nada tiene que ver con el saqueo que es una vocaci\u00f3n de alentar el conflicto\u00bb.<\/p>\n<p>Seg\u00fan An\u00edbal Fern\u00e1ndez, se trata de una banda reducida, con poco nivel de organizaci\u00f3n, pero con vocaci\u00f3n de generar conflicto. Adem\u00e1s,<strong> descart\u00f3 que configuren episodios de saqueos, generados por una problem\u00e1tica social a atender.<\/strong><\/p>\n<p><strong>\u00abNo es por hambre\u00bb<\/strong>, enfatiz\u00f3 el funcionario al tiempo que detect\u00f3 \u00abla actitud de generar un acto delictivo que traigan m\u00e1s confusi\u00f3n<strong>\u00ab. \u00abNo han sido saqueos sino una acci\u00f3n que llame la atenci\u00f3n. No hay una problem\u00e1tica social que cuidar y atender\u00bb,<\/strong> argument\u00f3.<\/p>\n<p>Otro de los hombres de la administraci\u00f3n del presidente Alberto Fern\u00e1ndez que hizo menci\u00f3n al tema fue <strong>Agust\u00edn Rossi<\/strong>, jefe de Gabinete y aspirante a vicepresidente por Uni\u00f3n por la Patria, quien\u00a0subray\u00f3 que<strong> no se advierte \u00abuna reacci\u00f3n social sino hechos que merecen todo el peso de la ley\u00bb<\/strong> y aclar\u00f3 que hay detenidos, con antecedentes.<\/p>\n<p>\u00abEstuvimos al tanto el mismo viernes. Pas\u00f3 primero en Mendoza y luego en R\u00edo Cuarto y anoche la en la 1 &#8211; 11 &#8211; 14. En todos los casos se est\u00e1 trabajando desde el Ministerio de Seguridad de la Naci\u00f3n y provinciales\u00bb, cont\u00f3 Rossi en declaraciones radiales y concluy\u00f3: \u00abHay detenidos por la autoridad policial y judicial y muchos de los organizadores son ciudadanos que ten\u00edan antecedentes.<strong> No vemos en eso una reacci\u00f3n social sino hechos que merecen todo el peso de la ley<\/strong>\u00ab.<\/p>\n","protected":false},"excerpt":{"rendered":"<p>Ante los hechos delictivos registrados en supermercados y comercios en las provincias de C\u00f3rdoba y Mendoza, el Gobierno sigue de cerca los episodios y aseguran que no se trata de saqueos sino de acciones \u00abincentivadas para llamar la atenci\u00f3n\u00bb. Desde el Ministerio de Seguridad y la Jefatura de Gabinete monitorean el accionar de lo que [&hellip;]<\/p>\n","protected":false},"author":3,"featured_media":103042,"comment_status":"open","ping_status":"open","sticky":false,"template":"","format":"standard","meta":{"footnotes":""},"categories":[7],"tags":[],"class_list":{"0":"post-103041","1":"post","2":"type-post","3":"status-publish","4":"format-standard","5":"has-post-thumbnail","7":"category-nac"},"_links":{"self":[{"href":"https:\/\/primicias2262.com\/noticias\/wp-json\/wp\/v2\/posts\/103041","targetHints":{"allow":["GET"]}}],"collection":[{"href":"https:\/\/primicias2262.com\/noticias\/wp-json\/wp\/v2\/posts"}],"about":[{"href":"https:\/\/primicias2262.com\/noticias\/wp-json\/wp\/v2\/types\/post"}],"author":[{"embeddable":true,"href":"https:\/\/primicias2262.com\/noticias\/wp-json\/wp\/v2\/users\/3"}],"replies":[{"embeddable":true,"href":"https:\/\/primicias2262.com\/noticias\/wp-json\/wp\/v2\/comments?post=103041"}],"version-history":[{"count":2,"href":"https:\/\/primicias2262.com\/noticias\/wp-json\/wp\/v2\/posts\/103041\/revisions"}],"predecessor-version":[{"id":103044,"href":"https:\/\/primicias2262.com\/noticias\/wp-json\/wp\/v2\/posts\/103041\/revisions\/103044"}],"wp:featuredmedia":[{"embeddable":true,"href":"https:\/\/primicias2262.com\/noticias\/wp-json\/wp\/v2\/media\/103042"}],"wp:attachment":[{"href":"https:\/\/primicias2262.com\/noticias\/wp-json\/wp\/v2\/media?parent=103041"}],"wp:term":[{"taxonomy":"category","embeddable":true,"href":"https:\/\/primicias2262.com\/noticias\/wp-json\/wp\/v2\/categories?post=103041"},{"taxonomy":"post_tag","embeddable":true,"href":"https:\/\/primicias2262.com\/noticias\/wp-json\/wp\/v2\/tags?post=103041"}],"curies":[{"name":"wp","href":"https:\/\/api.w.org\/{rel}","templated":true}]}}