{"id":103045,"date":"2023-08-22T18:43:55","date_gmt":"2023-08-22T18:43:55","guid":{"rendered":"https:\/\/primicias2262.com\/noticias\/?p=103045"},"modified":"2023-08-22T18:43:55","modified_gmt":"2023-08-22T18:43:55","slug":"kicillof-polariza-con-milei-sin-igualdad-de-oportunidades-la-libertad-es-un-mentira","status":"publish","type":"post","link":"https:\/\/primicias2262.com\/noticias\/kicillof-polariza-con-milei-sin-igualdad-de-oportunidades-la-libertad-es-un-mentira\/","title":{"rendered":"Kicillof polariza con Milei: \u00abSin igualdad de oportunidades, la libertad es un mentira\u00bb"},"content":{"rendered":"<p>El gobernador <strong>Axel Kicillof<\/strong> encara el segundo tramo de la campa\u00f1a, camino a las generales de octubre, y ante los resultados de las PASO opt\u00f3 por polarizar con el candidato a presidente libertario <strong>Javier Milei <\/strong>para traccionar la presidencial a su buen desempe\u00f1o electoral. <strong>\u00abSin igualdad de oportunidades, la libertad es mentira\u00bb<\/strong>, afirm\u00f3 ante un grupo de estudiantes secundarios de la Escuela T\u00e9cnica N\u00b06 de Avellaneda.<\/p>\n<p><strong>\u00abNo es &#8216;Estado o Mercado&#8217;, eso es una estupidez\u00bb,<\/strong> remarc\u00f3 Kicillof, y agreg\u00f3: \u00abPara que haya libertad y que no sea una palabrita o un verso tiene que haber igualdad de oportunidades.<strong> Libertad para los que pueden pagar y para el resto es una condena<\/strong>\u00ab.<\/p>\n<p>El mandatario provincial cruz\u00f3 adem\u00e1s a la gesti\u00f3n de Cambiemos tras acusar al expresidente<strong> Mauricio Macri<\/strong> de haber recortado presupuesto educativo bajo el argumento de que \u00abhab\u00eda que ajustar los gastos del Estado\u00bb. <strong>\u00abNo es una opini\u00f3n, es lo que pas\u00f3. Cerraban escuelas porque era caro sostenerla\u00bb,<\/strong> remarc\u00f3.<\/p>\n<p>\u00ab<strong>El Mercado no soluciona todo<\/strong>. Parece que las escuelas t\u00e9cnicas no dan ganancia. Es f\u00e1cil de entender y sin embargo, estamos discutiendo si tiene que haber o no Estado\u00bb, sostuvo en una clara diferenciaci\u00f3n con las propuestas del fundador de La Libertad Avanza.<\/p>\n<p>Asimismo, subray\u00f3: \u00ab<strong>Algunos opinan que no debe haber Estado.<\/strong>\u00a0De lo \u00fanico que se trata es de que cada uno se las arregle pisando cabezas, la ley de la selva, para ver c\u00f3mo est\u00e1 bien uno\u00bb.<\/p>\n<p><strong>\u00abA\u00fan con los que les importa poco y escuchan un vide\u00edto de Tiktok que dicen que van a dinamitar todo&#8230; o<\/strong>j<strong>o que lo que van a dinamitar es esta escuela,<\/strong> porque no es rentable\u00bb, asever\u00f3 Kicillof, y complet\u00f3: \u00ab<strong>&#8216;Sale muy caro&#8217;<\/strong>, dir\u00edan.<strong> &#8216;No hay derechos&#8217;,<\/strong> dicen. <strong>&#8216;Nadie tiene derecho a nada&#8217;<\/strong>\u00ab.<\/p>\n<p>En otro pasaje de su exposici\u00f3n, en compa\u00f1\u00eda del intendente local <strong>Jorge Ferraresi<\/strong> aclar\u00f3<strong>: \u00abNo estoy enojado ni peleando.<\/strong> Puede ser que algunos de los que se sienten privilegiados piensen que lo mejor es hacer un pa\u00eds para pocos\u00bb.<\/p>\n<p>\u00ab<strong>Hay una discusi\u00f3n del futuro de los pibes sobre qu\u00e9 pa\u00eds queremos.<\/strong> Pensamos en una sociedad que desde el inicio vaya creando un destino distinto, un futuro mejor, con m\u00e1s laburo y mejor remunerado. Para todo eso, si uno deja a la mano invisible del mercado va a desinvertir, todo tiene que ver con todo\u00bb, explic\u00f3.<\/p>\n<p>Respecto a las consignas libertarias, el gobernador sostuvo<strong> que \u00aba\u00a0veces es m\u00e1s f\u00e1cil gritar &#8216;cerremos todo&#8217;, <\/strong>parece m\u00e1s sencillo, como recetas m\u00e1gicas que van a resolver los problemas\u00bb, pero aclar\u00f3 que <strong>los problemas est\u00e1n y deben resolverse \u00abcon m\u00e1s educaci\u00f3n, m\u00e1s salud y con los pibes adentro del modelo\u00bb.<\/strong><\/p>\n<p>\u00ab<strong>No puede ser un pa\u00eds para el que lo puede pagar porque naci\u00f3 en determinada cuna, lugar y poder adquisitivo y el resto a la banquina, abajo, afuera<\/strong>\u00ab, vocifer\u00f3 y recibi\u00f3 el aplauso del auditorio.<\/p>\n<p>Para el exministro, la oposici\u00f3n<strong> desconoce, miente y utiliza \u00abfrases lindas y cortitas\u00bb<\/strong> como tambi\u00e9n \u00abhablan a los gritos y enojados\u00bb para aparentar expresar la bronca; pero advirti\u00f3: <strong>\u00abNo sea cosa que ese malestar nos conduzca a un lugar donde no queremos ir\u00bb.<\/strong><\/p>\n<p>\u00abHablar de ampliar derechos no es una frase bonita, y si tu familia no lo puede pagar lo vas a tener igual porque es cuesti\u00f3n de generar oportunidades\u00bb, prometi\u00f3, y concluy\u00f3: \u00ab<strong>No es algo de un segundo, ni algo que se resuelve con un TikTok, es algo complicado, serio e importante\u00bb.<\/strong><\/p>\n","protected":false},"excerpt":{"rendered":"<p>El gobernador Axel Kicillof encara el segundo tramo de la campa\u00f1a, camino a las generales de octubre, y ante los resultados de las PASO opt\u00f3 por polarizar con el candidato a presidente libertario Javier Milei para traccionar la presidencial a su buen desempe\u00f1o electoral. \u00abSin igualdad de oportunidades, la libertad es mentira\u00bb, afirm\u00f3 ante un [&hellip;]<\/p>\n","protected":false},"author":3,"featured_media":100415,"comment_status":"open","ping_status":"open","sticky":false,"template":"","format":"standard","meta":{"footnotes":""},"categories":[7],"tags":[],"class_list":{"0":"post-103045","1":"post","2":"type-post","3":"status-publish","4":"format-standard","5":"has-post-thumbnail","7":"category-nac"},"_links":{"self":[{"href":"https:\/\/primicias2262.com\/noticias\/wp-json\/wp\/v2\/posts\/103045","targetHints":{"allow":["GET"]}}],"collection":[{"href":"https:\/\/primicias2262.com\/noticias\/wp-json\/wp\/v2\/posts"}],"about":[{"href":"https:\/\/primicias2262.com\/noticias\/wp-json\/wp\/v2\/types\/post"}],"author":[{"embeddable":true,"href":"https:\/\/primicias2262.com\/noticias\/wp-json\/wp\/v2\/users\/3"}],"replies":[{"embeddable":true,"href":"https:\/\/primicias2262.com\/noticias\/wp-json\/wp\/v2\/comments?post=103045"}],"version-history":[{"count":2,"href":"https:\/\/primicias2262.com\/noticias\/wp-json\/wp\/v2\/posts\/103045\/revisions"}],"predecessor-version":[{"id":103047,"href":"https:\/\/primicias2262.com\/noticias\/wp-json\/wp\/v2\/posts\/103045\/revisions\/103047"}],"wp:featuredmedia":[{"embeddable":true,"href":"https:\/\/primicias2262.com\/noticias\/wp-json\/wp\/v2\/media\/100415"}],"wp:attachment":[{"href":"https:\/\/primicias2262.com\/noticias\/wp-json\/wp\/v2\/media?parent=103045"}],"wp:term":[{"taxonomy":"category","embeddable":true,"href":"https:\/\/primicias2262.com\/noticias\/wp-json\/wp\/v2\/categories?post=103045"},{"taxonomy":"post_tag","embeddable":true,"href":"https:\/\/primicias2262.com\/noticias\/wp-json\/wp\/v2\/tags?post=103045"}],"curies":[{"name":"wp","href":"https:\/\/api.w.org\/{rel}","templated":true}]}}