{"id":103052,"date":"2023-08-23T13:40:21","date_gmt":"2023-08-23T13:40:21","guid":{"rendered":"https:\/\/primicias2262.com\/noticias\/?p=103052"},"modified":"2023-08-23T13:40:21","modified_gmt":"2023-08-23T13:40:21","slug":"el-gobierno-insiste-en-que-los-saqueos-fueron-incentivados-y-responsabiliza-a-milei-y-a-bullrich","status":"publish","type":"post","link":"https:\/\/primicias2262.com\/noticias\/el-gobierno-insiste-en-que-los-saqueos-fueron-incentivados-y-responsabiliza-a-milei-y-a-bullrich\/","title":{"rendered":"El Gobierno insiste en que los saqueos fueron incentivados y responsabiliza a Milei y a Bullrich"},"content":{"rendered":"<p>Tras reiterados episodios delictivos registrados en comercios y supermercados, el Gobierno insiste en que se trata de <strong>un accionar organizado e incentivado<\/strong> por el presidencial libertario <strong>Javier Milei. <\/strong>As\u00ed lo precis\u00f3 la portavoz\u00a0<strong>Gabriela Cerruti,<\/strong> quien<strong>\u00a0<\/strong>explic\u00f3 adem\u00e1s los libertarios generaron el clima que dio pie a los hechos vand\u00e1licos v\u00eda redes sociales.<\/p>\n<p>\u00abCuando no hab\u00eda sucedido ning\u00fan episodio concreto, solo corridas y grupos de WhatsApp incentivando,<strong> Milei dec\u00eda que esto era el 2001 en redes sociales<\/strong>\u00ab, sostuvo, y agreg\u00f3:<strong>\u00a0\u00abTodo el clima que se fue generando en las redes, que tenemos que considerarlas un actor fundamental\u00bb.<\/strong><\/p>\n<p>Asimismo, responsabiliz\u00f3 al diputado de La Libertad Avanza y a la candidata de PRO, Patricia Bullrich, de propagar los disturbios registrados en algunos barrios porte\u00f1os y en las provincias de Mendoza y C\u00f3rdoba. \u00ab<strong>Tenemos candidatos de la oposici\u00f3n que est\u00e1n yendo a las elecciones en octubre.<\/strong> El clima que se fue generando era de cuentas ligadas a los grupos de Libertad Avanza y tambi\u00e9n a los grupos de Bullrich\u00bb, afirm\u00f3 en declaraciones radiales.<\/p>\n<p>En sinton\u00eda, precis\u00f3:\u00a0\u00ab<strong>Bullrich debe tener a\u00f1oranzas del 2001 que ella protagoniz\u00f3<\/strong>. Tenemos dos candidatos protagonistas, en el caso de Milei, por su entorno, y ella, protagonista clara del 2001. <strong>Construyen su discurso p\u00fablico de la a\u00f1oranza que tienen para que la democracia cruja y se desestabilice\u00bb.<\/strong><\/p>\n<p>\u00abHasta los gobernadores, gente que no tiene que ver con nuestra fuerza, est\u00e1 advirtiendo que\u00a0esto est\u00e1 sucediendo y est\u00e1 organizado\u00bb, expuso la portavoz, y sum\u00f3: <strong>\u00abHay que ser un poco m\u00e1s responsables todos\u00bb.<\/strong><\/p>\n<p>Para la funcionaria, se trat\u00f3 de\u00a0grupos de personas \u00abmuy jovencitas\u00bb que en simult\u00e1neo atacaron comercios \u00abbuscando objetos que no son de primera necesidad\u00bb y que representan \u00abla foto de que es algo armado y buscando repercusi\u00f3n\u00bb.\u00a0\u00abLo que es cierto es que hay m\u00e1s de 30 personas detenidas.<strong> Los\u00a0cometen actos criminales tendr\u00e1n las consecuencias penales que les corresponde<\/strong>\u00ab, prometi\u00f3.<\/p>\n<p>Por \u00faltimo, revel\u00f3 que el presidente <strong>Alberto Fern\u00e1ndez<\/strong> sigue de cerca los episodios vand\u00e1licos y hasta se comunic\u00f3 con una comerciante de R\u00edo Cuarto, una de las primeras en sufrir el robo de su local.\u00a0\u00abEl Presidente se comunic\u00f3 con la due\u00f1a de su lugar en C\u00f3rdoba y ella le coment\u00f3 que eran una banda de delincuentes\u00bb, concluy\u00f3.<\/p>\n","protected":false},"excerpt":{"rendered":"<p>Tras reiterados episodios delictivos registrados en comercios y supermercados, el Gobierno insiste en que se trata de un accionar organizado e incentivado por el presidencial libertario Javier Milei. As\u00ed lo precis\u00f3 la portavoz\u00a0Gabriela Cerruti, quien\u00a0explic\u00f3 adem\u00e1s los libertarios generaron el clima que dio pie a los hechos vand\u00e1licos v\u00eda redes sociales. \u00abCuando no hab\u00eda sucedido [&hellip;]<\/p>\n","protected":false},"author":3,"featured_media":103053,"comment_status":"open","ping_status":"open","sticky":false,"template":"","format":"standard","meta":{"footnotes":""},"categories":[7],"tags":[],"class_list":{"0":"post-103052","1":"post","2":"type-post","3":"status-publish","4":"format-standard","5":"has-post-thumbnail","7":"category-nac"},"_links":{"self":[{"href":"https:\/\/primicias2262.com\/noticias\/wp-json\/wp\/v2\/posts\/103052","targetHints":{"allow":["GET"]}}],"collection":[{"href":"https:\/\/primicias2262.com\/noticias\/wp-json\/wp\/v2\/posts"}],"about":[{"href":"https:\/\/primicias2262.com\/noticias\/wp-json\/wp\/v2\/types\/post"}],"author":[{"embeddable":true,"href":"https:\/\/primicias2262.com\/noticias\/wp-json\/wp\/v2\/users\/3"}],"replies":[{"embeddable":true,"href":"https:\/\/primicias2262.com\/noticias\/wp-json\/wp\/v2\/comments?post=103052"}],"version-history":[{"count":2,"href":"https:\/\/primicias2262.com\/noticias\/wp-json\/wp\/v2\/posts\/103052\/revisions"}],"predecessor-version":[{"id":103055,"href":"https:\/\/primicias2262.com\/noticias\/wp-json\/wp\/v2\/posts\/103052\/revisions\/103055"}],"wp:featuredmedia":[{"embeddable":true,"href":"https:\/\/primicias2262.com\/noticias\/wp-json\/wp\/v2\/media\/103053"}],"wp:attachment":[{"href":"https:\/\/primicias2262.com\/noticias\/wp-json\/wp\/v2\/media?parent=103052"}],"wp:term":[{"taxonomy":"category","embeddable":true,"href":"https:\/\/primicias2262.com\/noticias\/wp-json\/wp\/v2\/categories?post=103052"},{"taxonomy":"post_tag","embeddable":true,"href":"https:\/\/primicias2262.com\/noticias\/wp-json\/wp\/v2\/tags?post=103052"}],"curies":[{"name":"wp","href":"https:\/\/api.w.org\/{rel}","templated":true}]}}