{"id":103056,"date":"2023-08-23T13:41:52","date_gmt":"2023-08-23T13:41:52","guid":{"rendered":"https:\/\/primicias2262.com\/noticias\/?p=103056"},"modified":"2023-08-23T13:41:52","modified_gmt":"2023-08-23T13:41:52","slug":"patricia-bullrich-si-se-pierde-el-control-el-gobierno-tiene-que-pedir-el-estado-de-sitio","status":"publish","type":"post","link":"https:\/\/primicias2262.com\/noticias\/patricia-bullrich-si-se-pierde-el-control-el-gobierno-tiene-que-pedir-el-estado-de-sitio\/","title":{"rendered":"Patricia Bullrich: \u00abSi se pierde el control, el Gobierno tiene que pedir el estado de sitio\u00bb"},"content":{"rendered":"<p>La candidata presidencial de Juntos por el Cambio (JxC), <strong>Patricia Bullrich, consider\u00f3 que \u201csi se pierde el control\u201d, el Gobierno \u201ctiene que pedir el estado de sitio<\/strong>\u201d, luego de que se llevaran a cabo <a href=\"https:\/\/noticiasargentinas.com\/sociedad\/temor-por-robos-en-el-conurbano-saquearon-un-supermercado-en-jose-c-paz\" target=\"_blank\" rel=\"noopener\">varios saqueos en todo el pa\u00eds <\/a>durante las \u00faltimas horas.<\/p>\n<p>\u201cNo debe tomarse esto de manera electoralista, como el tuit de Milei\u201d, remarc\u00f3 la referente del PRO, al mismo tiempo que agreg\u00f3: \u201cNo es momento de pensar en c\u00f3mo uno se para frente a la elecci\u00f3n sino en c\u00f3mo uno da la soluci\u00f3n, que es el orden\u201d.<\/p>\n<p>\u201cEl Gobierno tiene que ordenarse y si necesita algo m\u00e1s porque si esto se desborda <strong>tendr\u00e1 que llamar al Congreso y pedir medidas m\u00e1s dr\u00e1sticas frente a esta situaci\u00f3n<\/strong>. Esperemos que esto no suceda\u201d, dese\u00f3.<\/p>\n<p>\u201cSi se pierde total y absolutamente el control y el Gobierno<strong> tiene que llamar a pedir el estado de sitio<\/strong>, lo tiene que hacer. Hoy no lo sabemos, pero debe tener todas las hip\u00f3tesis\u201d, asegur\u00f3 Bullrich en <em>TN<\/em>.<\/p>\n<p>\u00abCuando arranca el incendio uno piensa que es peque\u00f1o, pero de golpe toma cientos de miles de hect\u00e1reas, es envolvente, aparece por cualquier lado y nadie sabe c\u00f3mo pararlo, porque no tienen un mecanismo organizado para hacerlo. Frente a ese incendio uno tiene que utilizar todos los mecanismos de emergencia que est\u00e9n cerca del lugar para apagarlo y calmar a la sociedad. Para eso tiene que haber autoridad, porque s<strong>in autoridad es la ley de la selva<\/strong>\u00ab, consider\u00f3.<\/p>\n<p>Por otro lado, le aconsej\u00f3 al Gobierno que implemente \u201c<strong>un comit\u00e9 de crisis\u201d<\/strong> de manera inmediata para prevenir \u201cque el pa\u00eds no entre en una situaci\u00f3n de caos\u201d.<\/p>\n<p>\u00abNecesitamos orden y llegar a las elecciones y que haya un cambio de gobierno normal, y no terminar en una situaci\u00f3n como la que se est\u00e1 terminando\u201d, remarc\u00f3.<\/p>\n<p>Y cerr\u00f3: \u00abFalta autoridad y orden. La noci\u00f3n del orden es muy contradictoria con este gobierno y por eso terminamos en esta situaci\u00f3n de caos absoluto\u00bb.<\/p>\n","protected":false},"excerpt":{"rendered":"<p>La candidata presidencial de Juntos por el Cambio (JxC), Patricia Bullrich, consider\u00f3 que \u201csi se pierde el control\u201d, el Gobierno \u201ctiene que pedir el estado de sitio\u201d, luego de que se llevaran a cabo varios saqueos en todo el pa\u00eds durante las \u00faltimas horas. \u201cNo debe tomarse esto de manera electoralista, como el tuit de [&hellip;]<\/p>\n","protected":false},"author":3,"featured_media":103057,"comment_status":"open","ping_status":"open","sticky":false,"template":"","format":"standard","meta":{"footnotes":""},"categories":[7],"tags":[],"class_list":{"0":"post-103056","1":"post","2":"type-post","3":"status-publish","4":"format-standard","5":"has-post-thumbnail","7":"category-nac"},"_links":{"self":[{"href":"https:\/\/primicias2262.com\/noticias\/wp-json\/wp\/v2\/posts\/103056","targetHints":{"allow":["GET"]}}],"collection":[{"href":"https:\/\/primicias2262.com\/noticias\/wp-json\/wp\/v2\/posts"}],"about":[{"href":"https:\/\/primicias2262.com\/noticias\/wp-json\/wp\/v2\/types\/post"}],"author":[{"embeddable":true,"href":"https:\/\/primicias2262.com\/noticias\/wp-json\/wp\/v2\/users\/3"}],"replies":[{"embeddable":true,"href":"https:\/\/primicias2262.com\/noticias\/wp-json\/wp\/v2\/comments?post=103056"}],"version-history":[{"count":1,"href":"https:\/\/primicias2262.com\/noticias\/wp-json\/wp\/v2\/posts\/103056\/revisions"}],"predecessor-version":[{"id":103058,"href":"https:\/\/primicias2262.com\/noticias\/wp-json\/wp\/v2\/posts\/103056\/revisions\/103058"}],"wp:featuredmedia":[{"embeddable":true,"href":"https:\/\/primicias2262.com\/noticias\/wp-json\/wp\/v2\/media\/103057"}],"wp:attachment":[{"href":"https:\/\/primicias2262.com\/noticias\/wp-json\/wp\/v2\/media?parent=103056"}],"wp:term":[{"taxonomy":"category","embeddable":true,"href":"https:\/\/primicias2262.com\/noticias\/wp-json\/wp\/v2\/categories?post=103056"},{"taxonomy":"post_tag","embeddable":true,"href":"https:\/\/primicias2262.com\/noticias\/wp-json\/wp\/v2\/tags?post=103056"}],"curies":[{"name":"wp","href":"https:\/\/api.w.org\/{rel}","templated":true}]}}