{"id":103061,"date":"2023-08-23T12:43:54","date_gmt":"2023-08-23T12:43:54","guid":{"rendered":"https:\/\/primicias2262.com\/noticias\/?p=103061"},"modified":"2023-08-23T13:48:02","modified_gmt":"2023-08-23T13:48:02","slug":"raul-castells-admitio-haber-convocado-a-saquear-no-es-un-hecho-delictivo","status":"publish","type":"post","link":"https:\/\/primicias2262.com\/noticias\/raul-castells-admitio-haber-convocado-a-saquear-no-es-un-hecho-delictivo\/","title":{"rendered":"Ra\u00fal Castells admiti\u00f3 haber convocado a saquear: \u00abNo es un hecho delictivo\u00bb"},"content":{"rendered":"<p>El dirigente social y l\u00edder del Movimiento Independiente de Jubilados y Desocupados, <strong>Ra\u00fal Castells, admiti\u00f3 este martes por la noche haber incentivado los saqueos a supermercados y comercios que se llevaron a cabo en las \u00faltimas horas en todo el pa\u00eds.\u00a0<\/strong><\/p>\n<p><strong>\u201cLa gente est\u00e1 saliendo a buscar comida y, si no encuentra comida, nosotros, que somos los que estamos convocando a esto (los saqueos), le estamos diciendo que sin robar plata ni romper nada se lleven lo que se puedan para canjearlo por comida\u201d<\/strong>, asegur\u00f3.<\/p>\n<p>Castells dijo que lo que ocurri\u00f3 en Buenos Aires, C\u00f3rdoba, San Juan, Mendoza y Neuqu\u00e9n <strong>no es \u201cun hecho delictivo<\/strong>\u201d, sino que \u201cel hecho delictivo es que el kilo de milanesa est\u00e1 $4.200, un kilo de papa $1000 y un kilo de az\u00facar $1000&#8243;.<\/p>\n<p>En di\u00e1logo con <em>Cr\u00f3nica TV,<\/em> agreg\u00f3: <strong>\u00abNosotros no aceptamos que digan que son ladrones los vecinos, las amas de casa y la gente de los barrios que est\u00e1n saliendo en todo el pa\u00eds.<\/strong> Es un insulto que los traten de ladrones, en vez de decir que los ladrones son <strong>los del Gobierno que robaron los alimentos que ten\u00edan que entregar y los due\u00f1os de los hipermercados que aumentaron los precios\u00bb.<\/strong><\/p>\n<p>Por otro lado, se\u00f1al\u00f3: \u00abNosotros les avisamos a los funcionarios una y otra vez que no sean tontos, les dec\u00edamos \u2018no sigan tirando de la soga, traigan los alimentos\u2019. Esto se soluciona en 24 horas. Pero<strong> si no lo solucionan, van a ver de nuevo lo del 89\u00b4 y lo del 2001\u201d.<\/strong><\/p>\n","protected":false},"excerpt":{"rendered":"<p>El dirigente social y l\u00edder del Movimiento Independiente de Jubilados y Desocupados, Ra\u00fal Castells, admiti\u00f3 este martes por la noche haber incentivado los saqueos a supermercados y comercios que se llevaron a cabo en las \u00faltimas horas en todo el pa\u00eds.\u00a0 \u201cLa gente est\u00e1 saliendo a buscar comida y, si no encuentra comida, nosotros, que [&hellip;]<\/p>\n","protected":false},"author":3,"featured_media":103062,"comment_status":"open","ping_status":"open","sticky":false,"template":"","format":"standard","meta":{"footnotes":""},"categories":[7],"tags":[],"class_list":{"0":"post-103061","1":"post","2":"type-post","3":"status-publish","4":"format-standard","5":"has-post-thumbnail","7":"category-nac"},"_links":{"self":[{"href":"https:\/\/primicias2262.com\/noticias\/wp-json\/wp\/v2\/posts\/103061","targetHints":{"allow":["GET"]}}],"collection":[{"href":"https:\/\/primicias2262.com\/noticias\/wp-json\/wp\/v2\/posts"}],"about":[{"href":"https:\/\/primicias2262.com\/noticias\/wp-json\/wp\/v2\/types\/post"}],"author":[{"embeddable":true,"href":"https:\/\/primicias2262.com\/noticias\/wp-json\/wp\/v2\/users\/3"}],"replies":[{"embeddable":true,"href":"https:\/\/primicias2262.com\/noticias\/wp-json\/wp\/v2\/comments?post=103061"}],"version-history":[{"count":2,"href":"https:\/\/primicias2262.com\/noticias\/wp-json\/wp\/v2\/posts\/103061\/revisions"}],"predecessor-version":[{"id":103064,"href":"https:\/\/primicias2262.com\/noticias\/wp-json\/wp\/v2\/posts\/103061\/revisions\/103064"}],"wp:featuredmedia":[{"embeddable":true,"href":"https:\/\/primicias2262.com\/noticias\/wp-json\/wp\/v2\/media\/103062"}],"wp:attachment":[{"href":"https:\/\/primicias2262.com\/noticias\/wp-json\/wp\/v2\/media?parent=103061"}],"wp:term":[{"taxonomy":"category","embeddable":true,"href":"https:\/\/primicias2262.com\/noticias\/wp-json\/wp\/v2\/categories?post=103061"},{"taxonomy":"post_tag","embeddable":true,"href":"https:\/\/primicias2262.com\/noticias\/wp-json\/wp\/v2\/tags?post=103061"}],"curies":[{"name":"wp","href":"https:\/\/api.w.org\/{rel}","templated":true}]}}