{"id":103065,"date":"2023-08-23T16:51:55","date_gmt":"2023-08-23T16:51:55","guid":{"rendered":"https:\/\/primicias2262.com\/noticias\/?p=103065"},"modified":"2023-08-24T16:44:24","modified_gmt":"2023-08-24T16:44:24","slug":"esta-senora-natalia-sanchez-jauregui-le-ha-hecho-mucho-dano-a-la-uatre-nacional-y-local","status":"publish","type":"post","link":"https:\/\/primicias2262.com\/noticias\/esta-senora-natalia-sanchez-jauregui-le-ha-hecho-mucho-dano-a-la-uatre-nacional-y-local\/","title":{"rendered":"\u201cEsta se\u00f1ora (Natalia S\u00e1nchez J\u00e1uregui) le ha hecho mucho da\u00f1o a la UATRE nacional y local\u201d"},"content":{"rendered":"<p><strong>As\u00ed lo enfatiz\u00f3 el dirigente sindical, Mario Lastra, quien repudi\u00f3 el accionar de la diputada nacida en Necochea, Natalia S\u00e1nchez J\u00e1uregui, a quien acus\u00f3 de manejarse con arbitrariedad y amenazar con echar trabajadores, en el marco de la designaci\u00f3n de su marido, Mariano Carrillo, en representaci\u00f3n de la Uatre en el directorio de Puerto Quequ\u00e9n.<\/strong><\/p>\n<p>En su visita a \u201cVoces de la Ciudad\u201d, y durante la nota realizada por el periodista Jorge G\u00f3mez, Lastra opin\u00f3 que \u201ces una pena que despu\u00e9s de tanto trabajo que se hizo mancomunadamente con el anterior presidente del Puerto (Arturo Rojas) para luchar contra la conflictividad, porque no fue f\u00e1cil ponernos todos de acuerdo entre los que tenemos actividades dentro y fuera del mismo, que pase esto con la Uatre, que dentro de la jurisdicci\u00f3n portuaria no tiene nada que ver\u201d.<\/p>\n<p>Por ello, \u201cnosotros nunca lo hicimos en la \u00e9poca de Ger\u00f3nimo Venegas, aun con todo su poder, porque siempre fuimos respetuosos de los gremios hermanos\u201d, se\u00f1al\u00f3, argumentando que \u201cla actividad de estiba dentro del puerto le corresponde a los compa\u00f1eros de SUPA y as\u00ed lo hemos dicho siempre, y hasta hemos trabajado mancomunadamente en medidas de fuerza contra empresas multinacionales\u201d.<\/p>\n<p>En cambio, \u201ceste buen se\u00f1or\u201d (en alusi\u00f3n Mariano Carrillo) no vive ac\u00e1 y no es de este distrito, es decir, es un caso similar a su esposa (Natalia S\u00e1nchez J\u00e1uregui), quien vive en San Vicente y es candidata por la cuarta secci\u00f3n electoral, as\u00ed que est\u00e1 muy clara la actitud y la forma de actuar de esta se\u00f1ora, quien le ha hecho mucho da\u00f1o a la Uatre nacional junto con Jos\u00e9 Voytenco (titular nacional)\u201d.<\/p>\n<p>Sigui\u00f3 atacando Lastra sobre la diputada que \u201cella le ha hecho mucho da\u00f1o a la instituci\u00f3n y ha puesto en peligro con estas actitudes m\u00e1s de 280 puestos de trabajo, tambi\u00e9n gener\u00f3 un conflicto interno dentro de los trabajadores, apret\u00f3 a compa\u00f1eros y uno ve con mucho dolor todo esto porque acompa\u00f1\u00e9 desde un lugar u otro a la conducci\u00f3n de estas tremendas instituciones que cre\u00f3 Ger\u00f3nimo Venegas, como OSPRERA, Renatre y la misma Uatre\u201d.<\/p>\n<p>Por lo tanto, afirm\u00f3 que \u201crepudiamos totalmente esta designaci\u00f3n arbitraria y no la avalamos, los mismos compa\u00f1eros y dirigentes nacionales ven que se ha violado de forma sistem\u00e1tica la ley con este nombramiento de una persona que no tiene ninguna clase de relaci\u00f3n con la Uatre\u201d, y si bien inicialmente se llam\u00f3 a silencio, asegur\u00f3 que sali\u00f3 a expresarse \u201cviendo lo que est\u00e1 ocurriendo, que bajaron m\u00e1s de 70 seccionales por ser opositores\u201d.<\/p>\n<p>Tal es el caso de Necochea, \u201cdonde esta se\u00f1ora S\u00e1nchez J\u00e1uregui ha hecho reuniones con los empleados apret\u00e1ndolos con que iban a ser despedidos si no iban con la lista que estaba constituyendo ella. No pod\u00eda armar la lista y arm\u00f3 una lista de la Seccional 10 que no cumple con los requisitos, pero no lo cuestionamos porque creemos en la democracia sindical, sin embargo han bajado 70 listas\u201d, esgrimi\u00f3.<\/p>\n<p>Seguidamente, Lastra revel\u00f3 que \u201cayer me llamaron pero no los atend\u00ed\u201d, y se\u00f1al\u00f3 en tercera persona que \u201cMario Lastra no se tiene que salvar de nada, sino que acompa\u00f1a la lista de compa\u00f1eros j\u00f3venes de la bolsa de trabajo que han hecho un esfuerzo enorme en los \u00faltimos dos a\u00f1os por persecuciones que les han hecho, y logramos tener 280 avales para nuestra lista de la seccional 10 que la encabezan estos compa\u00f1eros, pero nos la impugnaron de forma totalmente arbitraria\u201d.<\/p>\n<p>En ese tren de acusaciones, subi\u00f3 tambi\u00e9n a un expuerto Quequ\u00e9n, Mart\u00edn Caraffo, y al presidente actual del Consorcio, Jorge \u00c1lvaro. \u201cDetr\u00e1s de S\u00e1nchez J\u00e1uregui est\u00e1 el Dr. Caraffo, quien tambi\u00e9n le ha hecho mucho da\u00f1o al puerto, y ayer estaba tratando de convencer al secretario general de Terminal Quequ\u00e9n, Daniel Monjes, para que levantaran la medida de fuerza, aduciendo que lo complicaban porque \u00e9l hab\u00eda intervenido para que sea nombrado Carrillo\u201d, mientras que respecto a \u00c1lvaro, manifest\u00f3 que \u201cel puerto, que es junto al municipio la instituci\u00f3n m\u00e1s importante, est\u00e1 siendo administrado por un personaje becado desde Mendoza, que no tiene ni la menor idea de lo que es la soja y el ma\u00edz&#8230; creo que nunca desde 1995 los trabajadores de Puerto Quequ\u00e9n cobraron los salarios en dos cuotas, y est\u00e1 pasando ahora, y est\u00e1 en riesgo a la brevedad que dejen de poder percibir sus salarios\u201d.<\/p>\n","protected":false},"excerpt":{"rendered":"<p>As\u00ed lo enfatiz\u00f3 el dirigente sindical, Mario Lastra, quien repudi\u00f3 el accionar de la diputada nacida en Necochea, Natalia S\u00e1nchez J\u00e1uregui, a quien acus\u00f3 de manejarse con arbitrariedad y amenazar con echar trabajadores, en el marco de la designaci\u00f3n de su marido, Mariano Carrillo, en representaci\u00f3n de la Uatre en el directorio de Puerto Quequ\u00e9n. [&hellip;]<\/p>\n","protected":false},"author":3,"featured_media":103066,"comment_status":"open","ping_status":"open","sticky":false,"template":"","format":"standard","meta":{"footnotes":""},"categories":[3],"tags":[],"class_list":["post-103065","post","type-post","status-publish","format-standard","has-post-thumbnail","category-masnoticias"],"_links":{"self":[{"href":"https:\/\/primicias2262.com\/noticias\/wp-json\/wp\/v2\/posts\/103065","targetHints":{"allow":["GET"]}}],"collection":[{"href":"https:\/\/primicias2262.com\/noticias\/wp-json\/wp\/v2\/posts"}],"about":[{"href":"https:\/\/primicias2262.com\/noticias\/wp-json\/wp\/v2\/types\/post"}],"author":[{"embeddable":true,"href":"https:\/\/primicias2262.com\/noticias\/wp-json\/wp\/v2\/users\/3"}],"replies":[{"embeddable":true,"href":"https:\/\/primicias2262.com\/noticias\/wp-json\/wp\/v2\/comments?post=103065"}],"version-history":[{"count":1,"href":"https:\/\/primicias2262.com\/noticias\/wp-json\/wp\/v2\/posts\/103065\/revisions"}],"predecessor-version":[{"id":103067,"href":"https:\/\/primicias2262.com\/noticias\/wp-json\/wp\/v2\/posts\/103065\/revisions\/103067"}],"wp:featuredmedia":[{"embeddable":true,"href":"https:\/\/primicias2262.com\/noticias\/wp-json\/wp\/v2\/media\/103066"}],"wp:attachment":[{"href":"https:\/\/primicias2262.com\/noticias\/wp-json\/wp\/v2\/media?parent=103065"}],"wp:term":[{"taxonomy":"category","embeddable":true,"href":"https:\/\/primicias2262.com\/noticias\/wp-json\/wp\/v2\/categories?post=103065"},{"taxonomy":"post_tag","embeddable":true,"href":"https:\/\/primicias2262.com\/noticias\/wp-json\/wp\/v2\/tags?post=103065"}],"curies":[{"name":"wp","href":"https:\/\/api.w.org\/{rel}","templated":true}]}}