{"id":103068,"date":"2023-08-23T17:04:30","date_gmt":"2023-08-23T17:04:30","guid":{"rendered":"https:\/\/primicias2262.com\/noticias\/?p=103068"},"modified":"2023-08-24T17:19:58","modified_gmt":"2023-08-24T17:19:58","slug":"paro-de-actividades-en-el-puerto-estamos-en-asamblea-constante-preocupados-por-este-atropello-lamentable","status":"publish","type":"post","link":"https:\/\/primicias2262.com\/noticias\/paro-de-actividades-en-el-puerto-estamos-en-asamblea-constante-preocupados-por-este-atropello-lamentable\/","title":{"rendered":"Paro de actividades en el Puerto: \u201cEstamos en asamblea constante, preocupados por este atropello lamentable\u201d"},"content":{"rendered":"<p><strong>As\u00ed lo defini\u00f3 desde el sector de SUPA, David \u00c1lvarez, en el contexto del paro gremial que se lleva a cabo en el sector portuario ante los movimientos de los \u00faltimos d\u00edas en el directorio del Consorcio.<\/strong><\/p>\n<p>Ante la consulta del periodista Jorge G\u00f3mez, acerca de las medidas de fuerza que se tomaron durante la ma\u00f1ana y y continuar\u00edan por la tarde de este mi\u00e9rcoles, \u00c1lvarez asever\u00f3 que \u201cestamos en asamblea constante, preocupados por lo que est\u00e1 pasando con este atropello que es lamentable\u201d, y adujo que \u201cla pol\u00edtica se meta en el tema del puerto hace que sea un \u2018puerto sucio\u2019 como siempre se habl\u00f3, y eso pasa por los dirigentes que eligen a dedo, perjudicando al puerto\u201d.<\/p>\n<p>Por consiguiente, \u201chemos tomado una medida acompa\u00f1ando al compa\u00f1ero Daniel Monjes, reclamando que haya soluciones para el caso de Terminal Quequ\u00e9n y lo que hace al directorio del Consorcio\u201d, sobre lo que afirm\u00f3 en referencia a Mariano Carrillo que \u201cno se puede mandar a una persona fuera de la ley, esta gente se maneja como patrones de estancia\u2026 nos mandan gente que tiene que representar a los trabajadores sin conocer el puerto, es totalmente absurdo y estoy indignado\u201d.<\/p>\n<p>Finalmente, David \u00c1lvarez se\u00f1al\u00f3 que \u201ctienen que revertir esta medida que han tomado, hay que elegir y estamos en democracia, pero que podamos hacerlo los gremios que estamos dentro del puerto, como lo dice el estatuto\u201d.<\/p>\n","protected":false},"excerpt":{"rendered":"<p>As\u00ed lo defini\u00f3 desde el sector de SUPA, David \u00c1lvarez, en el contexto del paro gremial que se lleva a cabo en el sector portuario ante los movimientos de los \u00faltimos d\u00edas en el directorio del Consorcio. Ante la consulta del periodista Jorge G\u00f3mez, acerca de las medidas de fuerza que se tomaron durante la [&hellip;]<\/p>\n","protected":false},"author":3,"featured_media":103069,"comment_status":"open","ping_status":"open","sticky":false,"template":"","format":"standard","meta":{"footnotes":""},"categories":[3],"tags":[],"class_list":["post-103068","post","type-post","status-publish","format-standard","has-post-thumbnail","category-masnoticias"],"_links":{"self":[{"href":"https:\/\/primicias2262.com\/noticias\/wp-json\/wp\/v2\/posts\/103068","targetHints":{"allow":["GET"]}}],"collection":[{"href":"https:\/\/primicias2262.com\/noticias\/wp-json\/wp\/v2\/posts"}],"about":[{"href":"https:\/\/primicias2262.com\/noticias\/wp-json\/wp\/v2\/types\/post"}],"author":[{"embeddable":true,"href":"https:\/\/primicias2262.com\/noticias\/wp-json\/wp\/v2\/users\/3"}],"replies":[{"embeddable":true,"href":"https:\/\/primicias2262.com\/noticias\/wp-json\/wp\/v2\/comments?post=103068"}],"version-history":[{"count":2,"href":"https:\/\/primicias2262.com\/noticias\/wp-json\/wp\/v2\/posts\/103068\/revisions"}],"predecessor-version":[{"id":103105,"href":"https:\/\/primicias2262.com\/noticias\/wp-json\/wp\/v2\/posts\/103068\/revisions\/103105"}],"wp:featuredmedia":[{"embeddable":true,"href":"https:\/\/primicias2262.com\/noticias\/wp-json\/wp\/v2\/media\/103069"}],"wp:attachment":[{"href":"https:\/\/primicias2262.com\/noticias\/wp-json\/wp\/v2\/media?parent=103068"}],"wp:term":[{"taxonomy":"category","embeddable":true,"href":"https:\/\/primicias2262.com\/noticias\/wp-json\/wp\/v2\/categories?post=103068"},{"taxonomy":"post_tag","embeddable":true,"href":"https:\/\/primicias2262.com\/noticias\/wp-json\/wp\/v2\/tags?post=103068"}],"curies":[{"name":"wp","href":"https:\/\/api.w.org\/{rel}","templated":true}]}}