{"id":103072,"date":"2023-08-23T17:21:39","date_gmt":"2023-08-23T17:21:39","guid":{"rendered":"https:\/\/primicias2262.com\/noticias\/?p=103072"},"modified":"2023-08-24T17:28:24","modified_gmt":"2023-08-24T17:28:24","slug":"hernan-ricaldoni-inaugura-su-muestra-surrealismo-pampeano-en-la-galeria","status":"publish","type":"post","link":"https:\/\/primicias2262.com\/noticias\/hernan-ricaldoni-inaugura-su-muestra-surrealismo-pampeano-en-la-galeria\/","title":{"rendered":"Hern\u00e1n Ricaldoni inaugura su muestra \u201cSurrealismo Pampeano\u201d en La Galer\u00eda"},"content":{"rendered":"<p><strong>Ser\u00e1 este viernes 25 de agosto a partir de las 20, con entrada totalmente libre y gratuita. La muestra permanecer\u00e1 abierta durante dos semanas.<\/strong><\/p>\n<p>El artista local, Hern\u00e1n Ricaldoni, vuelve a exponer en su tierra y este viernes 25 quedar\u00e1 inaugurada su muestra pict\u00f3rica \u201cSurrealismo Pampeano\u201d, a partir de las 20 en La Galer\u00eda, en calle 69 n\u00ba 2580, donde la entrada ser\u00e1 libre y gratuita.<\/p>\n<p>En di\u00e1logo con el periodista Jorge G\u00f3mez en \u201cVoces de la Ciudad\u201d, Ricaldoni se\u00f1al\u00f3 que \u201cla muestra permanecer\u00e1 abierta por dos semanas, hasta el 8 de septiembre, y la idea es ir con escuelas, estar\u00e1 abierto de 17 a 19 hs\u201d.<\/p>\n<p>Asimismo, el artista de 46 a\u00f1os destac\u00f3 que \u201chace muchos a\u00f1os que no expongo en forma individual y hay un espacio nuevo en Necochea que es esta galer\u00eda, perfectamente adaptado para un espacio de arte, es una casa antigua refaccionada en 69 casi 58\u201d, tras lo que subray\u00f3 que \u201clas inauguraciones las hago siempre libres y gratuitas para que pueda ir la mayor cantidad de gente\u201d.<\/p>\n<p>Acerca de la obra en s\u00ed, anticip\u00f3 que se trata \u201csobre nuestro entorno, que nos afecta y modifica, y es enriquecedor\u2026 empec\u00e9 a pensar en la cantidad de fauna que hay en la zona y lo que estuve haciendo fue una atm\u00f3sfera muy nuestra, vinculada al tango. Son unas 20 obras, algunas de hasta tres metros de grande y otras m\u00e1s peque\u00f1as\u201d.<\/p>\n<p>Lo expresado \u201ctiene que ver tambi\u00e9n con la reivindicaci\u00f3n de donde estamos y nuestra identidad cultural, apropiarnos de lo que nos acostumbramos, ponerlo en valor y sentir que el lugar donde estamos viviendo es digno de pintar, hablar y disfrutar\u201d, acot\u00f3 Ricaldoni.<\/p>\n<p><a href=\"https:\/\/primicias2262.com\/noticias\/wp-content\/uploads\/2023\/08\/WhatsApp-Image-2023-08-23-at-12.01.51-PM1.jpeg\"><img loading=\"lazy\" decoding=\"async\" class=\"aligncenter size-full wp-image-103073\" src=\"https:\/\/primicias2262.com\/noticias\/wp-content\/uploads\/2023\/08\/WhatsApp-Image-2023-08-23-at-12.01.51-PM1.jpeg\" alt=\"\" width=\"921\" height=\"737\" srcset=\"https:\/\/primicias2262.com\/noticias\/wp-content\/uploads\/2023\/08\/WhatsApp-Image-2023-08-23-at-12.01.51-PM1.jpeg 921w, https:\/\/primicias2262.com\/noticias\/wp-content\/uploads\/2023\/08\/WhatsApp-Image-2023-08-23-at-12.01.51-PM1-300x240.jpeg 300w, https:\/\/primicias2262.com\/noticias\/wp-content\/uploads\/2023\/08\/WhatsApp-Image-2023-08-23-at-12.01.51-PM1-768x615.jpeg 768w, https:\/\/primicias2262.com\/noticias\/wp-content\/uploads\/2023\/08\/WhatsApp-Image-2023-08-23-at-12.01.51-PM1-150x120.jpeg 150w, https:\/\/primicias2262.com\/noticias\/wp-content\/uploads\/2023\/08\/WhatsApp-Image-2023-08-23-at-12.01.51-PM1-696x557.jpeg 696w\" sizes=\"auto, (max-width: 921px) 100vw, 921px\" \/><\/a>Para m\u00e1s informaci\u00f3n, los interesados pueden comunicarse al contacto 2262 62 8474; a trav\u00e9s de la web <a href=\"http:\/\/www.hernanricaldoni.com\">www.hernanricaldoni.com<\/a> o al Instagram @arte Hernan Ricaldoni.<\/p>\n<p>\u201cLa naturaleza nos interpela nos observa desconfiada, un paisaje emocional cubre una atm\u00f3sfera inquietante cortada por un horizonte contundente. Nuestra flora y fauna nos observan\u201d, se\u00f1ala la invitaci\u00f3n como una rese\u00f1a de lo que es la nueva exposici\u00f3n del artista local.<\/p>\n","protected":false},"excerpt":{"rendered":"<p>Ser\u00e1 este viernes 25 de agosto a partir de las 20, con entrada totalmente libre y gratuita. La muestra permanecer\u00e1 abierta durante dos semanas. El artista local, Hern\u00e1n Ricaldoni, vuelve a exponer en su tierra y este viernes 25 quedar\u00e1 inaugurada su muestra pict\u00f3rica \u201cSurrealismo Pampeano\u201d, a partir de las 20 en La Galer\u00eda, en [&hellip;]<\/p>\n","protected":false},"author":3,"featured_media":103074,"comment_status":"open","ping_status":"open","sticky":false,"template":"","format":"standard","meta":{"footnotes":""},"categories":[3],"tags":[],"class_list":["post-103072","post","type-post","status-publish","format-standard","has-post-thumbnail","category-masnoticias"],"_links":{"self":[{"href":"https:\/\/primicias2262.com\/noticias\/wp-json\/wp\/v2\/posts\/103072","targetHints":{"allow":["GET"]}}],"collection":[{"href":"https:\/\/primicias2262.com\/noticias\/wp-json\/wp\/v2\/posts"}],"about":[{"href":"https:\/\/primicias2262.com\/noticias\/wp-json\/wp\/v2\/types\/post"}],"author":[{"embeddable":true,"href":"https:\/\/primicias2262.com\/noticias\/wp-json\/wp\/v2\/users\/3"}],"replies":[{"embeddable":true,"href":"https:\/\/primicias2262.com\/noticias\/wp-json\/wp\/v2\/comments?post=103072"}],"version-history":[{"count":1,"href":"https:\/\/primicias2262.com\/noticias\/wp-json\/wp\/v2\/posts\/103072\/revisions"}],"predecessor-version":[{"id":103075,"href":"https:\/\/primicias2262.com\/noticias\/wp-json\/wp\/v2\/posts\/103072\/revisions\/103075"}],"wp:featuredmedia":[{"embeddable":true,"href":"https:\/\/primicias2262.com\/noticias\/wp-json\/wp\/v2\/media\/103074"}],"wp:attachment":[{"href":"https:\/\/primicias2262.com\/noticias\/wp-json\/wp\/v2\/media?parent=103072"}],"wp:term":[{"taxonomy":"category","embeddable":true,"href":"https:\/\/primicias2262.com\/noticias\/wp-json\/wp\/v2\/categories?post=103072"},{"taxonomy":"post_tag","embeddable":true,"href":"https:\/\/primicias2262.com\/noticias\/wp-json\/wp\/v2\/tags?post=103072"}],"curies":[{"name":"wp","href":"https:\/\/api.w.org\/{rel}","templated":true}]}}