{"id":103077,"date":"2023-08-24T13:16:10","date_gmt":"2023-08-24T13:16:10","guid":{"rendered":"https:\/\/primicias2262.com\/noticias\/?p=103077"},"modified":"2023-08-24T13:16:10","modified_gmt":"2023-08-24T13:16:10","slug":"fatima-florez-hablo-sobre-su-reciente-romance-con-javier-milei-tenemos-una-conexion-espiritual-muy-fuerte","status":"publish","type":"post","link":"https:\/\/primicias2262.com\/noticias\/fatima-florez-hablo-sobre-su-reciente-romance-con-javier-milei-tenemos-una-conexion-espiritual-muy-fuerte\/","title":{"rendered":"F\u00e1tima Florez habl\u00f3 sobre su reciente romance con Javier Milei: \u201cTenemos una conexi\u00f3n espiritual muy fuerte\u201d"},"content":{"rendered":"<p><strong>F\u00e1tima Florez<\/strong> se convirti\u00f3 en la mujer del momento tras confirmar su relaci\u00f3n con<strong> Javier Milei<\/strong>, el candidato a presidente. El lunes pasado se revel\u00f3 que llevan 45 d\u00edas en pareja y que ambos se conocieron en diciembre en el programa de <strong>Mirtha Legrand.<\/strong><\/p>\n<p>En medio del furor, la imitadora se convirti\u00f3 en tapa de una famosa revista de espect\u00e1culos en donde dio detalles sobre su nuevo romance con el pol\u00edtico. <strong>\u201cTenemos una conexi\u00f3n espiritual muy fuerte\u201d<\/strong>, expres\u00f3 F\u00e1tima. Adem\u00e1s, asegur\u00f3 que Milei la define como <strong>\u201cuna mujer superlativa\u201d.<\/strong><\/p>\n<p>En la tapa de la revista, F\u00e1tima luce un sexy\u00a0vestido rojo con una hebilla de brillos plateados en el centro.<strong> \u201cLa actriz habla de su romance con Javier Milei, l\u00edder de La Libertad Avanza y candidato a presidente\u201d<\/strong>, se\u00f1ala la edici\u00f3n de <strong><em>Caras<\/em><\/strong>.<\/p>\n<p>En la descripci\u00f3n de la tapa, la imitadora revela que<strong> \u201cest\u00e1 atravesando un momento m\u00e1gico y que encontr\u00f3 en \u00e9l un hombre maravilloso y cari\u00f1oso\u201d<\/strong>. Por otra parte, detall\u00f3 intimidades de la pareja donde asegur\u00f3 que la pol\u00edtica no es un tema de conversaci\u00f3n entre ellos. \u201cEs m\u00e1s, puertas adentro, <strong>no se habla de nuestros respectivos trabajos.<\/strong> <strong>En nuestras charlas, hay mucha impronta de humor<\/strong>\u201d, confes\u00f3 la actriz.<\/p>\n<p>F\u00e1tima y el l\u00edder de<strong> La Libertad Avanza<\/strong> tendr\u00edan una escapada rom\u00e1ntica el pr\u00f3ximo mes antes de las elecciones generales. El periodista <strong>Augusto Tart\u00fafoli<\/strong> revel\u00f3 que la pareja pasar\u00e1 unos d\u00edas en <strong>Punta del Este<\/strong>. \u201c<strong>Carlos Perciavalle<\/strong> cont\u00f3 que \u00e9l se enter\u00f3 el fin de semana y que \u00e9l llam\u00f3 a F\u00e1tima Florez que le dijo \u2018estoy ac\u00e1 con mi novio, te lo paso&#8217;. Y le pas\u00f3 con Javier Milei. De hecho, <strong>Perciavalle confirm\u00f3 lo siguiente: el primer viaje de la pareja como pareja va a ser a visitarlo a \u00e9l a Punta del Este y posiblemente suceda a mediados de septiembre<\/strong>\u201d, asegur\u00f3.<\/p>\n<p>Tras esta primicia, Carlos Perciavalle dio m\u00e1s detalles sobre este nuevo romance y su viaje. \u201c<strong>Los veo enamorad\u00edsimos.<\/strong> A m\u00ed me da la sensaci\u00f3n que son muy felices, estaban exultantes el pasado s\u00e1bado que habl\u00e9 40 minutos con los dos\u201d, confes\u00f3 el actor.<\/p>\n<p>Y a\u00f1adi\u00f3: \u201c<strong>Milei pensaba venir ahora, en estos d\u00edas. Me dijo que ten\u00eda que venir a Colonia por un d\u00eda y que si pod\u00eda ven\u00eda hasta ac\u00e1.<\/strong> Le dije \u2018mir\u00e1, es un poco lejos porque son 300 y pico de kil\u00f3metros hasta Punta del Este&#8217;. Y me respondi\u00f3\u00a0 &#8216;entonces los primeros d\u00edas de septiembre voy para all\u00e1 y te voy a visitar. Nos vamos a dar un gran abrazo en tu jard\u00edn que es divino&#8217;\u201d.<\/p>\n","protected":false},"excerpt":{"rendered":"<p>F\u00e1tima Florez se convirti\u00f3 en la mujer del momento tras confirmar su relaci\u00f3n con Javier Milei, el candidato a presidente. El lunes pasado se revel\u00f3 que llevan 45 d\u00edas en pareja y que ambos se conocieron en diciembre en el programa de Mirtha Legrand. En medio del furor, la imitadora se convirti\u00f3 en tapa de [&hellip;]<\/p>\n","protected":false},"author":3,"featured_media":103078,"comment_status":"open","ping_status":"open","sticky":false,"template":"","format":"standard","meta":{"footnotes":""},"categories":[7],"tags":[],"class_list":{"0":"post-103077","1":"post","2":"type-post","3":"status-publish","4":"format-standard","5":"has-post-thumbnail","7":"category-nac"},"_links":{"self":[{"href":"https:\/\/primicias2262.com\/noticias\/wp-json\/wp\/v2\/posts\/103077","targetHints":{"allow":["GET"]}}],"collection":[{"href":"https:\/\/primicias2262.com\/noticias\/wp-json\/wp\/v2\/posts"}],"about":[{"href":"https:\/\/primicias2262.com\/noticias\/wp-json\/wp\/v2\/types\/post"}],"author":[{"embeddable":true,"href":"https:\/\/primicias2262.com\/noticias\/wp-json\/wp\/v2\/users\/3"}],"replies":[{"embeddable":true,"href":"https:\/\/primicias2262.com\/noticias\/wp-json\/wp\/v2\/comments?post=103077"}],"version-history":[{"count":1,"href":"https:\/\/primicias2262.com\/noticias\/wp-json\/wp\/v2\/posts\/103077\/revisions"}],"predecessor-version":[{"id":103079,"href":"https:\/\/primicias2262.com\/noticias\/wp-json\/wp\/v2\/posts\/103077\/revisions\/103079"}],"wp:featuredmedia":[{"embeddable":true,"href":"https:\/\/primicias2262.com\/noticias\/wp-json\/wp\/v2\/media\/103078"}],"wp:attachment":[{"href":"https:\/\/primicias2262.com\/noticias\/wp-json\/wp\/v2\/media?parent=103077"}],"wp:term":[{"taxonomy":"category","embeddable":true,"href":"https:\/\/primicias2262.com\/noticias\/wp-json\/wp\/v2\/categories?post=103077"},{"taxonomy":"post_tag","embeddable":true,"href":"https:\/\/primicias2262.com\/noticias\/wp-json\/wp\/v2\/tags?post=103077"}],"curies":[{"name":"wp","href":"https:\/\/api.w.org\/{rel}","templated":true}]}}