{"id":103080,"date":"2023-08-24T13:42:08","date_gmt":"2023-08-24T13:42:08","guid":{"rendered":"https:\/\/primicias2262.com\/noticias\/?p=103080"},"modified":"2023-08-24T13:42:08","modified_gmt":"2023-08-24T13:42:08","slug":"el-obispo-gabriel-mestre-recibio-un-calido-agasajo-antes-de-su-despedida-de-la-diocesis","status":"publish","type":"post","link":"https:\/\/primicias2262.com\/noticias\/el-obispo-gabriel-mestre-recibio-un-calido-agasajo-antes-de-su-despedida-de-la-diocesis\/","title":{"rendered":"El obispo Gabriel Mestre recibi\u00f3 un c\u00e1lido agasajo antes de su despedida de la Di\u00f3cesis"},"content":{"rendered":"<p><strong>Gabriel Mestre<\/strong> dej\u00f3 una huella en su paso como obispo de Mar del Plata y eso se refleja <strong>en los reconocimientos y muestras de afecto<\/strong> que recibe en sus \u00faltimos d\u00edas al frente de la Di\u00f3cesis. Prueba de ello fue el c\u00e1lido agasajo que le brindaron este lunes a la noche\u00a0 en el Hermitage Hotel donde comparti\u00f3 una cena con diferentes personalidades.<\/p>\n<p>Mestre, que el 16 de septiembre asumir\u00e1 como arzobispo de La Plata, fue homenajeado con una cena en la que participaron el anfitri\u00f3n, el empresario<strong> Florencio Aldrey<\/strong>, el intendente<strong> Guillermo Montenegro<\/strong>, el escribano <strong>Gustavo Crego<\/strong>, el presidente de la UCIP <strong>Blas Taladrid<\/strong>, el empresario<strong> Patricio Gerbi<\/strong>, el abogado <strong>Marcelo Abal<\/strong> y sacerdotes e integrantes de la Di\u00f3cesis de Mar del Plata, entre otros invitados especiales.<\/p>\n<p><a href=\"https:\/\/primicias2262.com\/noticias\/wp-content\/uploads\/2023\/08\/mestre-obispo.webp\"><img loading=\"lazy\" decoding=\"async\" class=\"aligncenter size-full wp-image-103081\" src=\"https:\/\/primicias2262.com\/noticias\/wp-content\/uploads\/2023\/08\/mestre-obispo.webp\" alt=\"\" width=\"1024\" height=\"683\" srcset=\"https:\/\/primicias2262.com\/noticias\/wp-content\/uploads\/2023\/08\/mestre-obispo.webp 1024w, https:\/\/primicias2262.com\/noticias\/wp-content\/uploads\/2023\/08\/mestre-obispo-300x200.webp 300w, https:\/\/primicias2262.com\/noticias\/wp-content\/uploads\/2023\/08\/mestre-obispo-768x512.webp 768w, https:\/\/primicias2262.com\/noticias\/wp-content\/uploads\/2023\/08\/mestre-obispo-150x100.webp 150w, https:\/\/primicias2262.com\/noticias\/wp-content\/uploads\/2023\/08\/mestre-obispo-696x464.webp 696w\" sizes=\"auto, (max-width: 1024px) 100vw, 1024px\" \/><\/a>Como lo definir\u00edan m\u00e1s tarde en uno de los discursos, m\u00e1s que la despedida del obispo<strong> fue un encuentro de amigos.\u00a0<\/strong>El recorrido de Mestre como obispo de la ciudad y el pr\u00f3ximo desaf\u00edo que se le avecina fueron los denominadores comunes de la velada. Tras un men\u00fa que consisti\u00f3 en una copa de entrada con canap\u00e9 de langostino y salm\u00f3n, un primer plato de canelones de verdura con pollo, jam\u00f3n y queso y salsa de tomate natural, un segundo plato de lomo al champign\u00f3n con papas noisset y un postre de tartelle de manzana, lleg\u00f3 el momento de los discursos.<\/p>\n<p><strong>Florencio Aldrey<\/strong>, impulsor del homenaje, resumi\u00f3 en sus palabras el sentimiento de la mesa y de gran parte de la comunidad cat\u00f3lica de la ciudad. Luego de elogiar su desempe\u00f1o en el obispado, afirm\u00f3 que \u201cse iba a extra\u00f1ar su presencia\u201d pero al mismo tiempo indic\u00f3 que significaba \u201cuna gran alegr\u00eda por lo que implicaba el nuevo desaf\u00edo\u201d.<br \/>\nEn el mismo sentido, le dese\u00f3 el mayor de los \u00e9xitos y augur\u00f3 que siga \u201ccreciendo en el pastoreo\u201d.<\/p>\n<p>A su turno, Guillermo Montenegro, quien estuvo acompa\u00f1ado por su esposa, Eugenia Pruzzo, remarc\u00f3: \u201cM\u00e1s que a despedir al obispo, venimos a acompa\u00f1ar a un amigo\u201d. Adem\u00e1s, se\u00f1al\u00f3 que se va a \u201cextra\u00f1ar mucho y eso habla de lo que es Gabriel, no s\u00f3lo como obispo sino como marplatense, como amigo y como persona de consulta\u201d.<\/p>\n<p>El escribano Gustavo Crego, en su discurso, hizo referencia a un pasaje b\u00edblico que habla de \u201ccaminar juntos y acompa\u00f1ar\u201d y record\u00f3 la \u201cinvitaci\u00f3n que nos hizo Gabriel de caminar juntos y con la gente\u201d.<\/p>\n<p>Por su parte, el presidente de la UCIP, Blas Taladrid, record\u00f3 una frase de Gabriel desde sus tiempos como p\u00e1rroco que era \u201ccon la mirada en el cielo y con los pies en la tierra\u201d. \u201cY eso fue lo que hizo Gabriel y lo que valoramos todos los marplatenses\u201d, a\u00f1adi\u00f3.<\/p>\n<div id=\"attachment_835820\"><img loading=\"lazy\" decoding=\"async\" class=\"size-large wp-image-835820\" src=\"https:\/\/storage.lacapitalmdp.com\/2023\/08\/Mestre-nh_001-1024x683.jpg\" sizes=\"auto, (max-width: 1024px) 100vw, 1024px\" srcset=\"https:\/\/storage.lacapitalmdp.com\/2023\/08\/Mestre-nh_001-1024x683.jpg 1024w, https:\/\/storage.lacapitalmdp.com\/2023\/08\/Mestre-nh_001-300x410.jpg 300w\" alt=\"Los invitados posaron junto al obispo, que dejar\u00e1 un gran recuerdo de su paso por la di\u00f3cesis.\" width=\"1024\" height=\"683\" \/><em>Los invitados posaron junto al obispo, que dejar\u00e1 un gran recuerdo de su paso por la di\u00f3cesis.<\/em><\/p>\n<\/div>\n<p>Patricio Gerbi, acompa\u00f1ado por su esposa Mariana Foutel, puntualiz\u00f3 en que Mestre en su tiempo de pastor en Mar del Plata ha \u201cdejado una marca que va a permanecer por mucho tiempo\u201d.<\/p>\n<p>En tanto, el abogado Marcelo Abal tambi\u00e9n destac\u00f3 el rol de Mestre en la Di\u00f3cesis, se\u00f1al\u00f3 que deja \u201cla vara muy alta\u201d y le dese\u00f3 el mayor de los \u00e9xitos.<\/p>\n<p>Emocionado, tras recibir tantas muestras de afecto, el obispo Gabriel agradeci\u00f3 al anfitri\u00f3n Florencio Aldrey y al resto de los presentes. \u201cEstoy debilitado afectivamente por las despedidas. Gracias por compartir esta mesa y por el acompa\u00f1amiento que he tenido desde el minuto cero\u201d, expres\u00f3 antes del brindis y de la foto grupal que cerr\u00f3 la velada.<\/p>\n<p>Gabriel Mestre continuar\u00e1 en su cargo actual hasta el s\u00e1bado 9 de septiembre, d\u00eda en el que se realizar\u00e1 una misa de despedida en la Catedral de los Santos Pedro y Cecilia, y el 16 de septiembre asumir\u00e1 su nueva responsabilidad en la capital provincial.<\/p>\n","protected":false},"excerpt":{"rendered":"<p>Gabriel Mestre dej\u00f3 una huella en su paso como obispo de Mar del Plata y eso se refleja en los reconocimientos y muestras de afecto que recibe en sus \u00faltimos d\u00edas al frente de la Di\u00f3cesis. Prueba de ello fue el c\u00e1lido agasajo que le brindaron este lunes a la noche\u00a0 en el Hermitage Hotel [&hellip;]<\/p>\n","protected":false},"author":3,"featured_media":103082,"comment_status":"open","ping_status":"open","sticky":false,"template":"","format":"standard","meta":{"footnotes":""},"categories":[7],"tags":[],"class_list":{"0":"post-103080","1":"post","2":"type-post","3":"status-publish","4":"format-standard","5":"has-post-thumbnail","7":"category-nac"},"_links":{"self":[{"href":"https:\/\/primicias2262.com\/noticias\/wp-json\/wp\/v2\/posts\/103080","targetHints":{"allow":["GET"]}}],"collection":[{"href":"https:\/\/primicias2262.com\/noticias\/wp-json\/wp\/v2\/posts"}],"about":[{"href":"https:\/\/primicias2262.com\/noticias\/wp-json\/wp\/v2\/types\/post"}],"author":[{"embeddable":true,"href":"https:\/\/primicias2262.com\/noticias\/wp-json\/wp\/v2\/users\/3"}],"replies":[{"embeddable":true,"href":"https:\/\/primicias2262.com\/noticias\/wp-json\/wp\/v2\/comments?post=103080"}],"version-history":[{"count":1,"href":"https:\/\/primicias2262.com\/noticias\/wp-json\/wp\/v2\/posts\/103080\/revisions"}],"predecessor-version":[{"id":103083,"href":"https:\/\/primicias2262.com\/noticias\/wp-json\/wp\/v2\/posts\/103080\/revisions\/103083"}],"wp:featuredmedia":[{"embeddable":true,"href":"https:\/\/primicias2262.com\/noticias\/wp-json\/wp\/v2\/media\/103082"}],"wp:attachment":[{"href":"https:\/\/primicias2262.com\/noticias\/wp-json\/wp\/v2\/media?parent=103080"}],"wp:term":[{"taxonomy":"category","embeddable":true,"href":"https:\/\/primicias2262.com\/noticias\/wp-json\/wp\/v2\/categories?post=103080"},{"taxonomy":"post_tag","embeddable":true,"href":"https:\/\/primicias2262.com\/noticias\/wp-json\/wp\/v2\/tags?post=103080"}],"curies":[{"name":"wp","href":"https:\/\/api.w.org\/{rel}","templated":true}]}}