{"id":103084,"date":"2023-08-24T13:46:24","date_gmt":"2023-08-24T13:46:24","guid":{"rendered":"https:\/\/primicias2262.com\/noticias\/?p=103084"},"modified":"2023-08-24T13:46:24","modified_gmt":"2023-08-24T13:46:24","slug":"becas-progresar-2023-entro-en-marcha-la-ultima-semana-para-inscribirse-a-la-segunda-convocatoria","status":"publish","type":"post","link":"https:\/\/primicias2262.com\/noticias\/becas-progresar-2023-entro-en-marcha-la-ultima-semana-para-inscribirse-a-la-segunda-convocatoria\/","title":{"rendered":"Becas Progresar 2023: entr\u00f3 en marcha la \u00faltima semana para inscribirse a la segunda convocatoria"},"content":{"rendered":"<h6><strong>El tr\u00e1mite se puede realizar a trav\u00e9s de la p\u00e1gina web del organismo nacional o en una oficina con turno previo.<\/strong><\/h6>\n<p>La Administraci\u00f3n Nacional de la Seguridad Social (ANSES) inform\u00f3 que <strong>queda una semana para poder cumplimentar la inscripci\u00f3n a la segunda convocatoria del a\u00f1o de las becas Progresar<\/strong> en sus l\u00edneas Progresar 16 y 17 a\u00f1os; Progresar Obligatorio; Progresar Superior y Progresar Enfermer\u00eda. En el caso de Progresar Trabajo, el plazo es hasta noviembre inclusive.<\/p>\n<p>De esta manera, <strong>el pr\u00f3ximo jueves 31 de agosto ser\u00e1 la fecha l\u00edmite para que los estudiantes puedan anotarse en el beneficio<\/strong>, que a partir de septiembre contar\u00e1 con el incremento que dispuso el Gobierno del <a href=\"https:\/\/noticiasargentinas.com\/economia\/massa-y-perczyk-anunciaron-aumento-de-becas-progresar-a-20-000-mensuales\" target=\"_blank\" rel=\"noopener\">56,5% en los montos de las becas.<\/a><\/p>\n<p>En ese sentido, el organismo record\u00f3 que desde este mes, <strong>el valor general de la beca es de $20.000<\/strong>, que incluye un plus por conectividad. El cobro es del 80% mensualmente y el 20% restante se acredita al finalizar el per\u00edodo, certificando la condici\u00f3n de alumno regular.<\/p>\n<p>El proceso de cobro del 20% retenido por la ANSES se debe realizar dos veces al a\u00f1o, en los meses de agosto a noviembre y de diciembre a marzo. El tr\u00e1mite se puede realizar a trav\u00e9s de la p\u00e1gina web del organismo nacional o en una oficina con turno previo.<\/p>\n<h2>Requisitos para acceder a las Becas Progresar<\/h2>\n<ul>\n<li>Ser argentina\/o nativa\/o; naturalizada\/o o extranjera\/o, con residencia legal de cinco (5) a\u00f1os en el pa\u00eds y contar con DNI.<\/li>\n<li>Ser alumna\/o regular de una instituci\u00f3n educativa.<\/li>\n<li>Tener entre diecisiete (17) y veinticuatro (24) a\u00f1os de edad cumplidos.<\/li>\n<li>Estudiantes avanzadas\/os en la carrera, hasta treinta (30) a\u00f1os cumplidos.<\/li>\n<li>Estudiantes de enfermer\u00eda sin l\u00edmite de edad.<\/li>\n<li>Se extiende hasta 35 a\u00f1os de edad a las personas con hijas\/os a cargo menores de 18 a\u00f1os pertenecientes a hogares monoparentales.<\/li>\n<li>Quedan exceptuadas\/os del l\u00edmite de edad las personas trans, pertenecientes a pueblos ind\u00edgenas, con discapacidad, refugiadas y personas afrodescendientes\/afroargentinas.<\/li>\n<li>Los ingresos de la\/el joven y los de su grupo familiar no deber\u00e1n ser superiores a tres (3) Salarios M\u00ednimos, Vitales y M\u00f3viles (SMVM), a excepci\u00f3n de que los y las j\u00f3venes solicitantes sean titulares de una pensi\u00f3n no contributiva por invalidez otorgada en el marco del art\u00edculo 9\u00b0 de la Ley N\u00b0 13.478.<\/li>\n<\/ul>\n<h2>C\u00f3mo inscribirse a las Becas Progresar<\/h2>\n<ul>\n<li>Ingresar a la <a href=\"https:\/\/becasprogresar.educacion.gob.ar\/\" target=\"_blank\" rel=\"noopener\">pagina web correspondiente<\/a>.<\/li>\n<li>Entrar a la plataforma con usuario y contrase\u00f1a, o generar un usuario en caso de no tener.<\/li>\n<li>Seleccionar la l\u00ednea de beca a la que se quiera acceder.<\/li>\n<li>Completar el formulario de inscripci\u00f3n con los datos personales.<\/li>\n<\/ul>\n<h2>L\u00edneas del beneficio<\/h2>\n<ul>\n<li><strong>Progresar Trabajo:<\/strong> para personas que hagan cursos de formaci\u00f3n profesional.<\/li>\n<li><strong>Progresar 16 y 17 a\u00f1os o Progresar Obligatorio:<\/strong> para estudiantes del nivel primario o secundario.<\/li>\n<li><strong>Progresar Superior:<\/strong> para estudiantes del nivel terciario o universitario.<\/li>\n<li><strong>Progresar Enfermer\u00eda:<\/strong> para personas que cursen la carrera de enfermer\u00eda en el nivel terciario o universitario.<\/li>\n<\/ul>\n","protected":false},"excerpt":{"rendered":"<p>El tr\u00e1mite se puede realizar a trav\u00e9s de la p\u00e1gina web del organismo nacional o en una oficina con turno previo. La Administraci\u00f3n Nacional de la Seguridad Social (ANSES) inform\u00f3 que queda una semana para poder cumplimentar la inscripci\u00f3n a la segunda convocatoria del a\u00f1o de las becas Progresar en sus l\u00edneas Progresar 16 y [&hellip;]<\/p>\n","protected":false},"author":3,"featured_media":103085,"comment_status":"open","ping_status":"open","sticky":false,"template":"","format":"standard","meta":{"footnotes":""},"categories":[7],"tags":[],"class_list":{"0":"post-103084","1":"post","2":"type-post","3":"status-publish","4":"format-standard","5":"has-post-thumbnail","7":"category-nac"},"_links":{"self":[{"href":"https:\/\/primicias2262.com\/noticias\/wp-json\/wp\/v2\/posts\/103084","targetHints":{"allow":["GET"]}}],"collection":[{"href":"https:\/\/primicias2262.com\/noticias\/wp-json\/wp\/v2\/posts"}],"about":[{"href":"https:\/\/primicias2262.com\/noticias\/wp-json\/wp\/v2\/types\/post"}],"author":[{"embeddable":true,"href":"https:\/\/primicias2262.com\/noticias\/wp-json\/wp\/v2\/users\/3"}],"replies":[{"embeddable":true,"href":"https:\/\/primicias2262.com\/noticias\/wp-json\/wp\/v2\/comments?post=103084"}],"version-history":[{"count":1,"href":"https:\/\/primicias2262.com\/noticias\/wp-json\/wp\/v2\/posts\/103084\/revisions"}],"predecessor-version":[{"id":103086,"href":"https:\/\/primicias2262.com\/noticias\/wp-json\/wp\/v2\/posts\/103084\/revisions\/103086"}],"wp:featuredmedia":[{"embeddable":true,"href":"https:\/\/primicias2262.com\/noticias\/wp-json\/wp\/v2\/media\/103085"}],"wp:attachment":[{"href":"https:\/\/primicias2262.com\/noticias\/wp-json\/wp\/v2\/media?parent=103084"}],"wp:term":[{"taxonomy":"category","embeddable":true,"href":"https:\/\/primicias2262.com\/noticias\/wp-json\/wp\/v2\/categories?post=103084"},{"taxonomy":"post_tag","embeddable":true,"href":"https:\/\/primicias2262.com\/noticias\/wp-json\/wp\/v2\/tags?post=103084"}],"curies":[{"name":"wp","href":"https:\/\/api.w.org\/{rel}","templated":true}]}}