{"id":103090,"date":"2023-08-24T16:44:08","date_gmt":"2023-08-24T16:44:08","guid":{"rendered":"https:\/\/primicias2262.com\/noticias\/?p=103090"},"modified":"2023-08-25T15:26:57","modified_gmt":"2023-08-25T15:26:57","slug":"el-padre-pepe-di-paola-senalo-que-es-posible-tener-un-asiento-del-hogar-de-cristo-en-necochea","status":"publish","type":"post","link":"https:\/\/primicias2262.com\/noticias\/el-padre-pepe-di-paola-senalo-que-es-posible-tener-un-asiento-del-hogar-de-cristo-en-necochea\/","title":{"rendered":"El padre \u201cPepe\u201d Di Paola se\u00f1al\u00f3 que es posible tener un asiento del Hogar de Cristo en Necochea"},"content":{"rendered":"<p><strong>En su visita a Necochea, el referente comunitario y religioso pas\u00f3 por \u201cVoces de la Ciudad\u201d y asegur\u00f3 que est\u00e1 avanzado el proyecto de tener un centro contra las adicciones en nuestra ciudad.<\/strong><\/p>\n<p>Acompa\u00f1ado por la Dra. titular del \u00c1rea de Incapaces y Menores del Departamento Judicial de Necochea, Silvina Besoin, y por el asesor de Menores de la C\u00e1mara de la Ciudad Aut\u00f3noma de Buenos Aires, Gustavo Moreno, el padre \u201cPepe\u201d Di Paola, referente de San Juan Bosco y cura p\u00e1rroco en la Villa XXI dialog\u00f3 con el periodista Jorge G\u00f3mez, donde se\u00f1al\u00f3 que estuvo en la Parroquia de Lourdes y que disertar\u00e1 en las jornadas interdisciplinarias de Salud Mental, pero adem\u00e1s profundiz\u00f3 sobre la problem\u00e1tica en cuesti\u00f3n.<\/p>\n<p><a href=\"https:\/\/primicias2262.com\/noticias\/wp-content\/uploads\/2023\/08\/pepe-di-paola2.jpeg\"><img loading=\"lazy\" decoding=\"async\" class=\"aligncenter size-full wp-image-103092\" src=\"https:\/\/primicias2262.com\/noticias\/wp-content\/uploads\/2023\/08\/pepe-di-paola2.jpeg\" alt=\"\" width=\"1024\" height=\"768\" srcset=\"https:\/\/primicias2262.com\/noticias\/wp-content\/uploads\/2023\/08\/pepe-di-paola2.jpeg 1024w, https:\/\/primicias2262.com\/noticias\/wp-content\/uploads\/2023\/08\/pepe-di-paola2-300x225.jpeg 300w, https:\/\/primicias2262.com\/noticias\/wp-content\/uploads\/2023\/08\/pepe-di-paola2-768x576.jpeg 768w, https:\/\/primicias2262.com\/noticias\/wp-content\/uploads\/2023\/08\/pepe-di-paola2-150x113.jpeg 150w, https:\/\/primicias2262.com\/noticias\/wp-content\/uploads\/2023\/08\/pepe-di-paola2-696x522.jpeg 696w\" sizes=\"auto, (max-width: 1024px) 100vw, 1024px\" \/><\/a>Explic\u00f3 que \u201cel Hogar de Cristo es una propuesta a un problema de todo el pa\u00eds, como son las adicciones, que se dan sobre todo en adolescentes y j\u00f3venes, sin descartar que en algunos lugares afecta a ni\u00f1os y tambi\u00e9n a gente grande, y la propuesta apunta a la recuperaci\u00f3n en territorio de las adicciones\u201d.<\/p>\n<p>Seguidamente relat\u00f3 que \u201cesto empez\u00f3 en la Villa XXI y hoy tenemos m\u00e1s de 150 centros organizados y otros 100 por organizar\u2026 se le La Familia Grande Hogar de Cristo, y responde a que fuimos incluyendo gente que ten\u00eda la misma idea y ten\u00eda un mismo parecer en el trabajo, personas de la iglesia misma\u201d.<\/p>\n<p>All\u00ed fue cuando confirm\u00f3 que \u201cla idea es tener un asiento propio en Necochea. Es posible y el padre Alejandro Mart\u00ednez de la Parroquia de Lourdes ya est\u00e1 haciendo algo. Esto naci\u00f3 en la iglesia y tiene un gran componente de comunidad, lo cual es importante. Nuestra propuesta no es una cl\u00ednica o un centro de rehabilitaci\u00f3n profesional, sino que la comunidad es la que ayuda a que la persona se recupere, y con la ayuda de los profesionales por supuesto\u201d.<\/p>\n<p>Finalmente, el padre brind\u00f3 una mirada de la realidad actual al se\u00f1alar que \u201cse perdi\u00f3 el sentido de la vida para muchas personas por motivos diferentes, frustraciones, falta de amor\u2026 y eso hace que se pierda el sentido a despertarse cada d\u00eda, por eso es tan importante la presencia de la comunidad. No se va a solucionar nada desde una oficina, sino desde una vida de comunidad que ayude a la persona a recuperar la esperanza y el sentido de la vida que hab\u00eda perdido\u201d.<\/p>\n","protected":false},"excerpt":{"rendered":"<p>En su visita a Necochea, el referente comunitario y religioso pas\u00f3 por \u201cVoces de la Ciudad\u201d y asegur\u00f3 que est\u00e1 avanzado el proyecto de tener un centro contra las adicciones en nuestra ciudad. Acompa\u00f1ado por la Dra. titular del \u00c1rea de Incapaces y Menores del Departamento Judicial de Necochea, Silvina Besoin, y por el asesor [&hellip;]<\/p>\n","protected":false},"author":3,"featured_media":103091,"comment_status":"open","ping_status":"open","sticky":false,"template":"","format":"standard","meta":{"footnotes":""},"categories":[3],"tags":[],"class_list":["post-103090","post","type-post","status-publish","format-standard","has-post-thumbnail","category-masnoticias"],"_links":{"self":[{"href":"https:\/\/primicias2262.com\/noticias\/wp-json\/wp\/v2\/posts\/103090","targetHints":{"allow":["GET"]}}],"collection":[{"href":"https:\/\/primicias2262.com\/noticias\/wp-json\/wp\/v2\/posts"}],"about":[{"href":"https:\/\/primicias2262.com\/noticias\/wp-json\/wp\/v2\/types\/post"}],"author":[{"embeddable":true,"href":"https:\/\/primicias2262.com\/noticias\/wp-json\/wp\/v2\/users\/3"}],"replies":[{"embeddable":true,"href":"https:\/\/primicias2262.com\/noticias\/wp-json\/wp\/v2\/comments?post=103090"}],"version-history":[{"count":1,"href":"https:\/\/primicias2262.com\/noticias\/wp-json\/wp\/v2\/posts\/103090\/revisions"}],"predecessor-version":[{"id":103093,"href":"https:\/\/primicias2262.com\/noticias\/wp-json\/wp\/v2\/posts\/103090\/revisions\/103093"}],"wp:featuredmedia":[{"embeddable":true,"href":"https:\/\/primicias2262.com\/noticias\/wp-json\/wp\/v2\/media\/103091"}],"wp:attachment":[{"href":"https:\/\/primicias2262.com\/noticias\/wp-json\/wp\/v2\/media?parent=103090"}],"wp:term":[{"taxonomy":"category","embeddable":true,"href":"https:\/\/primicias2262.com\/noticias\/wp-json\/wp\/v2\/categories?post=103090"},{"taxonomy":"post_tag","embeddable":true,"href":"https:\/\/primicias2262.com\/noticias\/wp-json\/wp\/v2\/tags?post=103090"}],"curies":[{"name":"wp","href":"https:\/\/api.w.org\/{rel}","templated":true}]}}