{"id":103098,"date":"2023-08-24T17:19:41","date_gmt":"2023-08-24T17:19:41","guid":{"rendered":"https:\/\/primicias2262.com\/noticias\/?p=103098"},"modified":"2023-08-24T22:27:25","modified_gmt":"2023-08-24T22:27:25","slug":"necochea-ya-tiene-sus-finalistas-de-la-rama-cultural-en-la-32o-edicion-de-los-juegos-bonaerenses","status":"publish","type":"post","link":"https:\/\/primicias2262.com\/noticias\/necochea-ya-tiene-sus-finalistas-de-la-rama-cultural-en-la-32o-edicion-de-los-juegos-bonaerenses\/","title":{"rendered":"Necochea ya tiene sus finalistas de la rama cultural en la 32\u00ba edici\u00f3n de los Juegos Bonaerenses"},"content":{"rendered":"<p><strong>Las disciplinas de artes pl\u00e1sticas, danza tango, narraci\u00f3n oral PCD y arte circense tendr\u00e1s sus representantes necochenses en Mar del plata, tras haber ganado la etapa regional en Ayacucho.<\/strong><\/p>\n<p>Con el acompa\u00f1amiento de la Direcci\u00f3n de Cultura, se llev\u00f3 a cabo en la ciudad de Ayacucho la etapa regional de los Juegos Bonaerenses, correspondiente a la regi\u00f3n\u00a0\u00a0XVll de la Provincia y clasificatoria a la fase final de la 32\u00ba edici\u00f3n, que se llevar\u00e1 a cabo en Mar del Plata en septiembre.<\/p>\n<p><a href=\"https:\/\/primicias2262.com\/noticias\/wp-content\/uploads\/2023\/08\/bonaerenses-cultura.jpg\"><img loading=\"lazy\" decoding=\"async\" class=\"aligncenter size-large wp-image-103103\" src=\"https:\/\/primicias2262.com\/noticias\/wp-content\/uploads\/2023\/08\/bonaerenses-cultura-1024x576.jpg\" alt=\"\" width=\"696\" height=\"392\" srcset=\"https:\/\/primicias2262.com\/noticias\/wp-content\/uploads\/2023\/08\/bonaerenses-cultura-1024x576.jpg 1024w, https:\/\/primicias2262.com\/noticias\/wp-content\/uploads\/2023\/08\/bonaerenses-cultura-300x169.jpg 300w, https:\/\/primicias2262.com\/noticias\/wp-content\/uploads\/2023\/08\/bonaerenses-cultura-768x432.jpg 768w, https:\/\/primicias2262.com\/noticias\/wp-content\/uploads\/2023\/08\/bonaerenses-cultura-1536x864.jpg 1536w, https:\/\/primicias2262.com\/noticias\/wp-content\/uploads\/2023\/08\/bonaerenses-cultura-150x84.jpg 150w, https:\/\/primicias2262.com\/noticias\/wp-content\/uploads\/2023\/08\/bonaerenses-cultura-696x392.jpg 696w, https:\/\/primicias2262.com\/noticias\/wp-content\/uploads\/2023\/08\/bonaerenses-cultura-1068x601.jpg 1068w, https:\/\/primicias2262.com\/noticias\/wp-content\/uploads\/2023\/08\/bonaerenses-cultura.jpg 1600w\" sizes=\"auto, (max-width: 696px) 100vw, 696px\" \/><\/a>En el caso de Necochea, la delegaci\u00f3n cont\u00f3 con 32 participantes en la jornada desarrollada de manera simult\u00e1nea en seis espacios de dicha localidad, con la participaci\u00f3n de distintos distritos que componen la mencionada regi\u00f3n.<\/p>\n<p><strong>Necochea se trajo como finalistas a la etapa final en Mar del Plata a las siguientes personas y disciplinas:<\/strong><\/p>\n<p>\u2013<strong>ARTES PL\u00c1STICAS\u00a0(PINTURA SUB 18)<\/strong><br \/>\nORIANA RONDELLE<\/p>\n<p>\u2013<strong>DANZA TANGO (ADULTOS MAYORES)<\/strong><br \/>\nSUSANA PARCERO<br \/>\nRODOLFO APECEA<\/p>\n<p>\u2013<strong>NARRACION ORAL PDC<\/strong><\/p>\n<p>LUCAS LAMBRECHT<\/p>\n<p>\u2013<strong>ARTE CIRCENSE<\/strong><\/p>\n<p>VICENTE MARUCA<\/p>\n<div id='gallery-1' class='gallery galleryid-103098 gallery-columns-2 gallery-size-medium'><figure class='gallery-item'>\n\t\t\t<div class='gallery-icon landscape'>\n\t\t\t\t<a href='https:\/\/primicias2262.com\/noticias\/necochea-ya-tiene-sus-finalistas-de-la-rama-cultural-en-la-32o-edicion-de-los-juegos-bonaerenses\/attachment\/7\/'><img loading=\"lazy\" decoding=\"async\" width=\"300\" height=\"200\" src=\"https:\/\/primicias2262.com\/noticias\/wp-content\/uploads\/2023\/08\/7-300x200.jpg\" class=\"attachment-medium size-medium\" alt=\"\" srcset=\"https:\/\/primicias2262.com\/noticias\/wp-content\/uploads\/2023\/08\/7-300x200.jpg 300w, https:\/\/primicias2262.com\/noticias\/wp-content\/uploads\/2023\/08\/7-1024x683.jpg 1024w, https:\/\/primicias2262.com\/noticias\/wp-content\/uploads\/2023\/08\/7-768x512.jpg 768w, https:\/\/primicias2262.com\/noticias\/wp-content\/uploads\/2023\/08\/7-150x100.jpg 150w, https:\/\/primicias2262.com\/noticias\/wp-content\/uploads\/2023\/08\/7-696x464.jpg 696w, https:\/\/primicias2262.com\/noticias\/wp-content\/uploads\/2023\/08\/7-1068x712.jpg 1068w, https:\/\/primicias2262.com\/noticias\/wp-content\/uploads\/2023\/08\/7.jpg 1080w\" sizes=\"auto, (max-width: 300px) 100vw, 300px\" \/><\/a>\n\t\t\t<\/div><\/figure><figure class='gallery-item'>\n\t\t\t<div class='gallery-icon landscape'>\n\t\t\t\t<a href='https:\/\/primicias2262.com\/noticias\/necochea-ya-tiene-sus-finalistas-de-la-rama-cultural-en-la-32o-edicion-de-los-juegos-bonaerenses\/attachment\/2\/'><img loading=\"lazy\" decoding=\"async\" width=\"300\" height=\"200\" src=\"https:\/\/primicias2262.com\/noticias\/wp-content\/uploads\/2023\/08\/2-300x200.jpg\" class=\"attachment-medium size-medium\" alt=\"\" srcset=\"https:\/\/primicias2262.com\/noticias\/wp-content\/uploads\/2023\/08\/2-300x200.jpg 300w, https:\/\/primicias2262.com\/noticias\/wp-content\/uploads\/2023\/08\/2-1024x683.jpg 1024w, https:\/\/primicias2262.com\/noticias\/wp-content\/uploads\/2023\/08\/2-768x512.jpg 768w, https:\/\/primicias2262.com\/noticias\/wp-content\/uploads\/2023\/08\/2-150x100.jpg 150w, https:\/\/primicias2262.com\/noticias\/wp-content\/uploads\/2023\/08\/2-696x464.jpg 696w, https:\/\/primicias2262.com\/noticias\/wp-content\/uploads\/2023\/08\/2-1068x712.jpg 1068w, https:\/\/primicias2262.com\/noticias\/wp-content\/uploads\/2023\/08\/2.jpg 1080w\" sizes=\"auto, (max-width: 300px) 100vw, 300px\" \/><\/a>\n\t\t\t<\/div><\/figure>\n\t\t<\/div>\n\n<p><strong>Asimismo, se destacaron en segundo lugar las siguientes personas, que quedan en una lista alternativa de cara a las finales:<\/strong><\/p>\n<p>\u2013<strong>OBJETO TRIDIMENSIONAL UNIVERSITARIOS<\/strong><\/p>\n<p>TIARA LALUK<\/p>\n<p>\u2013 <strong>ARTES PL\u00c1STICAS\u00a0PINTURA (ADULTOS MAYORES)<\/strong><\/p>\n<p>MARIA ELENA DIAV<\/p>\n<p>\u2013 <strong>FOTOGRAFIA UNIVERSITARIOS<\/strong><\/p>\n<p>FLORENCIA LOSAS<\/p>\n<p>\u2013 <strong>COCINEROS ADULTOS MAYORES\u00a0<\/strong><\/p>\n<p>ADRIANA LAY<\/p>\n<p>\u2013 <strong>DANZAS FOLKLORICAS\u00a0ADULTOS MAYORES<\/strong><\/p>\n<p>JUAN PEREZ<\/p>\n<p>FUENTES SUSANA<\/p>\n<p>\u2013 <strong>DANZAS FOLKLORICAS\u00a0PCD<\/strong><\/p>\n<p>PABLO MURCIA<\/p>\n<p>LAURA SANTARELLI<\/p>\n<p>\u2013 <strong>SOLISTA VOCAL PCD<\/strong><\/p>\n<p>ANDR\u00c9S GARCIA<\/p>\n<p>\u2013 <strong>DANZA TEATRO PCD<\/strong><\/p>\n<p>VEGA<\/p>\n<p>POLLET<\/p>\n<p>AGUIRRE<\/p>\n","protected":false},"excerpt":{"rendered":"<p>Las disciplinas de artes pl\u00e1sticas, danza tango, narraci\u00f3n oral PCD y arte circense tendr\u00e1s sus representantes necochenses en Mar del plata, tras haber ganado la etapa regional en Ayacucho. Con el acompa\u00f1amiento de la Direcci\u00f3n de Cultura, se llev\u00f3 a cabo en la ciudad de Ayacucho la etapa regional de los Juegos Bonaerenses, correspondiente a [&hellip;]<\/p>\n","protected":false},"author":3,"featured_media":103100,"comment_status":"open","ping_status":"open","sticky":false,"template":"","format":"standard","meta":{"footnotes":""},"categories":[3],"tags":[],"class_list":["post-103098","post","type-post","status-publish","format-standard","has-post-thumbnail","category-masnoticias"],"_links":{"self":[{"href":"https:\/\/primicias2262.com\/noticias\/wp-json\/wp\/v2\/posts\/103098","targetHints":{"allow":["GET"]}}],"collection":[{"href":"https:\/\/primicias2262.com\/noticias\/wp-json\/wp\/v2\/posts"}],"about":[{"href":"https:\/\/primicias2262.com\/noticias\/wp-json\/wp\/v2\/types\/post"}],"author":[{"embeddable":true,"href":"https:\/\/primicias2262.com\/noticias\/wp-json\/wp\/v2\/users\/3"}],"replies":[{"embeddable":true,"href":"https:\/\/primicias2262.com\/noticias\/wp-json\/wp\/v2\/comments?post=103098"}],"version-history":[{"count":1,"href":"https:\/\/primicias2262.com\/noticias\/wp-json\/wp\/v2\/posts\/103098\/revisions"}],"predecessor-version":[{"id":103104,"href":"https:\/\/primicias2262.com\/noticias\/wp-json\/wp\/v2\/posts\/103098\/revisions\/103104"}],"wp:featuredmedia":[{"embeddable":true,"href":"https:\/\/primicias2262.com\/noticias\/wp-json\/wp\/v2\/media\/103100"}],"wp:attachment":[{"href":"https:\/\/primicias2262.com\/noticias\/wp-json\/wp\/v2\/media?parent=103098"}],"wp:term":[{"taxonomy":"category","embeddable":true,"href":"https:\/\/primicias2262.com\/noticias\/wp-json\/wp\/v2\/categories?post=103098"},{"taxonomy":"post_tag","embeddable":true,"href":"https:\/\/primicias2262.com\/noticias\/wp-json\/wp\/v2\/tags?post=103098"}],"curies":[{"name":"wp","href":"https:\/\/api.w.org\/{rel}","templated":true}]}}