{"id":103106,"date":"2023-08-24T17:28:10","date_gmt":"2023-08-24T17:28:10","guid":{"rendered":"https:\/\/primicias2262.com\/noticias\/?p=103106"},"modified":"2023-08-25T17:17:02","modified_gmt":"2023-08-25T17:17:02","slug":"el-club-de-ajedrez-local-anuncia-la-2a-fecha-del-prix-del-atlantico-para-este-domingo","status":"publish","type":"post","link":"https:\/\/primicias2262.com\/noticias\/el-club-de-ajedrez-local-anuncia-la-2a-fecha-del-prix-del-atlantico-para-este-domingo\/","title":{"rendered":"El Club de Ajedrez local anuncia la 2\u00aa fecha del Prix del Atl\u00e1ntico para este domingo"},"content":{"rendered":"<p><strong>M\u00e1s de 140 personas de distintas ciudades llegar\u00e1n a la ciudad para este evento que estar\u00e1 destinado para todas las edades y se realizar\u00e1 en el gimnasio del Colegio Alta Mira, en 43 y 66.<\/strong><\/p>\n<p>Pablo Bagal\u00e1, presidente del Club Ajedrez de Necochea, dialog\u00f3 con el periodista Jorge G\u00f3mez en \u201cVoces de la Ciudad\u201d en la antesala de esta 2\u00aa fecha del Prix del Atl\u00e1ntico, que se realizar\u00e1 en Necochea este domingo 27 de agosto a partir de las 10. \u201cEsto resulta de la conjunci\u00f3n de diversas federaciones de ajedrez: Necochea, Mar del Plata, Lober\u00eda, Miramar, Partido de la Costa, que nos juntamos e hicimos un Gran Prix y cada ciudad tiene su fecha\u201d, adelant\u00f3.<\/p>\n<p>\u201cLa primera de esas fechas fue en junio en Once Unidos de Mar del Plata con 200 personas y ahora nos toca a nosotros en el gimnasio del Colegio Alta Mira, entrando por Av. 43, en la cancha de h\u00e1ndbol, esperamos a 140 personas entre jugadores y acompa\u00f1antes, y es para todas las edades\u201d, acot\u00f3 Bagal\u00e1.<\/p>\n<p>El m\u00e1ximo directivo del Club de Ajedrez se\u00f1al\u00f3 que \u201cson entre 25 y 30 personas de cada delegaci\u00f3n, y aqu\u00ed nos juntamos la gente del club, la gente de la Escuela Municipal de Ajedrez y los alumnos del colegio Dan\u00e9s, que tiene el taller de ajedrez, as\u00ed que hay m\u00e1s de 50 inscriptos de Necochea y ser\u00e1 la primera competencia que tendr\u00e1 toda esa gente\u201d.<\/p>\n<p><a href=\"https:\/\/primicias2262.com\/noticias\/wp-content\/uploads\/2023\/08\/Afiche-regional-Prix-ajedrez.jpeg\"><img loading=\"lazy\" decoding=\"async\" class=\"alignleft size-medium wp-image-103107\" src=\"https:\/\/primicias2262.com\/noticias\/wp-content\/uploads\/2023\/08\/Afiche-regional-Prix-ajedrez-240x300.jpeg\" alt=\"\" width=\"240\" height=\"300\" srcset=\"https:\/\/primicias2262.com\/noticias\/wp-content\/uploads\/2023\/08\/Afiche-regional-Prix-ajedrez-240x300.jpeg 240w, https:\/\/primicias2262.com\/noticias\/wp-content\/uploads\/2023\/08\/Afiche-regional-Prix-ajedrez-819x1024.jpeg 819w, https:\/\/primicias2262.com\/noticias\/wp-content\/uploads\/2023\/08\/Afiche-regional-Prix-ajedrez-768x960.jpeg 768w, https:\/\/primicias2262.com\/noticias\/wp-content\/uploads\/2023\/08\/Afiche-regional-Prix-ajedrez-150x187.jpeg 150w, https:\/\/primicias2262.com\/noticias\/wp-content\/uploads\/2023\/08\/Afiche-regional-Prix-ajedrez-300x375.jpeg 300w, https:\/\/primicias2262.com\/noticias\/wp-content\/uploads\/2023\/08\/Afiche-regional-Prix-ajedrez-696x870.jpeg 696w, https:\/\/primicias2262.com\/noticias\/wp-content\/uploads\/2023\/08\/Afiche-regional-Prix-ajedrez.jpeg 921w\" sizes=\"auto, (max-width: 240px) 100vw, 240px\" \/><\/a>De hecho, destac\u00f3 que \u201chace m\u00e1s de cinco a\u00f1os que no se realiza algo as\u00ed, exceptuando el Playas de Necochea\u201d, para agregar que \u201cestamos tratando de integrar m\u00e1s gente porque si ten\u00e9s m\u00e1s gente compitiendo, vas a tener m\u00e1s gente que se va a quedar en la instituci\u00f3n\u201d.<\/p>\n<p>Al formar parte del Prix de ajedrez del Atl\u00e1ntico, las inscripciones se realizan desde la web del evento (https:\/\/prixajedrezdelatlantico.com.ar\/), por WhatsApp al contacto 2262405904 o personalmente el d\u00eda del evento, anot\u00e1ndose hasta las 9.30 del mismo domingo.<\/p>\n<p>En cuanto a detalles de la inscripci\u00f3n, se apunt\u00f3 que tiene un valor de 800 pesos hasta la categor\u00eda sub 18 inclusive, y se brindar\u00e1 un refrigerio para los jugadores. Para las categor\u00edas libres y senior el valor ser\u00e1 de 1.000 pesos. Adem\u00e1s, hay trofeo y medallas para quienes integren el podio de cada categor\u00eda.<\/p>\n","protected":false},"excerpt":{"rendered":"<p>M\u00e1s de 140 personas de distintas ciudades llegar\u00e1n a la ciudad para este evento que estar\u00e1 destinado para todas las edades y se realizar\u00e1 en el gimnasio del Colegio Alta Mira, en 43 y 66. Pablo Bagal\u00e1, presidente del Club Ajedrez de Necochea, dialog\u00f3 con el periodista Jorge G\u00f3mez en \u201cVoces de la Ciudad\u201d en [&hellip;]<\/p>\n","protected":false},"author":3,"featured_media":102091,"comment_status":"open","ping_status":"open","sticky":false,"template":"","format":"standard","meta":{"footnotes":""},"categories":[3],"tags":[],"class_list":["post-103106","post","type-post","status-publish","format-standard","has-post-thumbnail","category-masnoticias"],"_links":{"self":[{"href":"https:\/\/primicias2262.com\/noticias\/wp-json\/wp\/v2\/posts\/103106","targetHints":{"allow":["GET"]}}],"collection":[{"href":"https:\/\/primicias2262.com\/noticias\/wp-json\/wp\/v2\/posts"}],"about":[{"href":"https:\/\/primicias2262.com\/noticias\/wp-json\/wp\/v2\/types\/post"}],"author":[{"embeddable":true,"href":"https:\/\/primicias2262.com\/noticias\/wp-json\/wp\/v2\/users\/3"}],"replies":[{"embeddable":true,"href":"https:\/\/primicias2262.com\/noticias\/wp-json\/wp\/v2\/comments?post=103106"}],"version-history":[{"count":1,"href":"https:\/\/primicias2262.com\/noticias\/wp-json\/wp\/v2\/posts\/103106\/revisions"}],"predecessor-version":[{"id":103108,"href":"https:\/\/primicias2262.com\/noticias\/wp-json\/wp\/v2\/posts\/103106\/revisions\/103108"}],"wp:featuredmedia":[{"embeddable":true,"href":"https:\/\/primicias2262.com\/noticias\/wp-json\/wp\/v2\/media\/102091"}],"wp:attachment":[{"href":"https:\/\/primicias2262.com\/noticias\/wp-json\/wp\/v2\/media?parent=103106"}],"wp:term":[{"taxonomy":"category","embeddable":true,"href":"https:\/\/primicias2262.com\/noticias\/wp-json\/wp\/v2\/categories?post=103106"},{"taxonomy":"post_tag","embeddable":true,"href":"https:\/\/primicias2262.com\/noticias\/wp-json\/wp\/v2\/tags?post=103106"}],"curies":[{"name":"wp","href":"https:\/\/api.w.org\/{rel}","templated":true}]}}