{"id":103114,"date":"2023-08-24T22:30:28","date_gmt":"2023-08-24T22:30:28","guid":{"rendered":"https:\/\/primicias2262.com\/noticias\/?p=103114"},"modified":"2023-08-25T14:24:50","modified_gmt":"2023-08-25T14:24:50","slug":"prosiguen-los-paros-parciales-de-trabajadores-de-puerto-quequen","status":"publish","type":"post","link":"https:\/\/primicias2262.com\/noticias\/prosiguen-los-paros-parciales-de-trabajadores-de-puerto-quequen\/","title":{"rendered":"Prosiguen los paros parciales de\u00a0 trabajadores de Puerto Quequ\u00e9n"},"content":{"rendered":"<p><strong>Fotos de esta ma\u00f1ana, de trabajadores de actividades de Puerto Quequ\u00e9n que realizan paros parciales y sorpresivos ante el rechazo, entre otros fundamentos, a la reciente designaci\u00f3n de un representante gremial en el Consorcio portuario en nombre de la UATRE.<br \/>\n<\/strong><\/p>\n<p>La medida de este jueves comenz\u00f3 a las 8.30, con reinicio de labores poco antes del mediod\u00eda. Asimismo, el paro prosigui\u00f3 por la tarde, entre las 15 y las 17, y este viernes continuar\u00e1 en el turno matutino.<\/p>\n<p>Trascendi\u00f3 que estas circunstancias continuar\u00e1n, incluso, hasta lograr un cambio en aquel nombramiento, como as\u00ed la realizaci\u00f3n de una posible conferencia de prensa para este viernes por la tarde en la que se informar\u00e1, de parte de los gremios que impulsan estas protestas, la reiteraci\u00f3n de los motivos de este reclamo.<\/p>\n<p><a href=\"https:\/\/primicias2262.com\/noticias\/wp-content\/uploads\/2023\/08\/WhatsApp-Image-2023-08-24-at-2.32.45-PM.jpeg\"><img loading=\"lazy\" decoding=\"async\" class=\"aligncenter size-full wp-image-103115\" src=\"https:\/\/primicias2262.com\/noticias\/wp-content\/uploads\/2023\/08\/WhatsApp-Image-2023-08-24-at-2.32.45-PM.jpeg\" alt=\"\" width=\"1600\" height=\"747\" srcset=\"https:\/\/primicias2262.com\/noticias\/wp-content\/uploads\/2023\/08\/WhatsApp-Image-2023-08-24-at-2.32.45-PM.jpeg 1600w, https:\/\/primicias2262.com\/noticias\/wp-content\/uploads\/2023\/08\/WhatsApp-Image-2023-08-24-at-2.32.45-PM-300x140.jpeg 300w, https:\/\/primicias2262.com\/noticias\/wp-content\/uploads\/2023\/08\/WhatsApp-Image-2023-08-24-at-2.32.45-PM-1024x478.jpeg 1024w, https:\/\/primicias2262.com\/noticias\/wp-content\/uploads\/2023\/08\/WhatsApp-Image-2023-08-24-at-2.32.45-PM-768x359.jpeg 768w, https:\/\/primicias2262.com\/noticias\/wp-content\/uploads\/2023\/08\/WhatsApp-Image-2023-08-24-at-2.32.45-PM-1536x717.jpeg 1536w, https:\/\/primicias2262.com\/noticias\/wp-content\/uploads\/2023\/08\/WhatsApp-Image-2023-08-24-at-2.32.45-PM-150x70.jpeg 150w, https:\/\/primicias2262.com\/noticias\/wp-content\/uploads\/2023\/08\/WhatsApp-Image-2023-08-24-at-2.32.45-PM-696x325.jpeg 696w, https:\/\/primicias2262.com\/noticias\/wp-content\/uploads\/2023\/08\/WhatsApp-Image-2023-08-24-at-2.32.45-PM-1068x499.jpeg 1068w\" sizes=\"auto, (max-width: 1600px) 100vw, 1600px\" \/><\/a><\/p>\n","protected":false},"excerpt":{"rendered":"<p>Fotos de esta ma\u00f1ana, de trabajadores de actividades de Puerto Quequ\u00e9n que realizan paros parciales y sorpresivos ante el rechazo, entre otros fundamentos, a la reciente designaci\u00f3n de un representante gremial en el Consorcio portuario en nombre de la UATRE. La medida de este jueves comenz\u00f3 a las 8.30, con reinicio de labores poco antes [&hellip;]<\/p>\n","protected":false},"author":3,"featured_media":103116,"comment_status":"open","ping_status":"open","sticky":false,"template":"","format":"standard","meta":{"footnotes":""},"categories":[3],"tags":[],"class_list":["post-103114","post","type-post","status-publish","format-standard","has-post-thumbnail","category-masnoticias"],"_links":{"self":[{"href":"https:\/\/primicias2262.com\/noticias\/wp-json\/wp\/v2\/posts\/103114","targetHints":{"allow":["GET"]}}],"collection":[{"href":"https:\/\/primicias2262.com\/noticias\/wp-json\/wp\/v2\/posts"}],"about":[{"href":"https:\/\/primicias2262.com\/noticias\/wp-json\/wp\/v2\/types\/post"}],"author":[{"embeddable":true,"href":"https:\/\/primicias2262.com\/noticias\/wp-json\/wp\/v2\/users\/3"}],"replies":[{"embeddable":true,"href":"https:\/\/primicias2262.com\/noticias\/wp-json\/wp\/v2\/comments?post=103114"}],"version-history":[{"count":3,"href":"https:\/\/primicias2262.com\/noticias\/wp-json\/wp\/v2\/posts\/103114\/revisions"}],"predecessor-version":[{"id":103120,"href":"https:\/\/primicias2262.com\/noticias\/wp-json\/wp\/v2\/posts\/103114\/revisions\/103120"}],"wp:featuredmedia":[{"embeddable":true,"href":"https:\/\/primicias2262.com\/noticias\/wp-json\/wp\/v2\/media\/103116"}],"wp:attachment":[{"href":"https:\/\/primicias2262.com\/noticias\/wp-json\/wp\/v2\/media?parent=103114"}],"wp:term":[{"taxonomy":"category","embeddable":true,"href":"https:\/\/primicias2262.com\/noticias\/wp-json\/wp\/v2\/categories?post=103114"},{"taxonomy":"post_tag","embeddable":true,"href":"https:\/\/primicias2262.com\/noticias\/wp-json\/wp\/v2\/tags?post=103114"}],"curies":[{"name":"wp","href":"https:\/\/api.w.org\/{rel}","templated":true}]}}