{"id":103130,"date":"2023-08-25T15:23:12","date_gmt":"2023-08-25T15:23:12","guid":{"rendered":"https:\/\/primicias2262.com\/noticias\/?p=103130"},"modified":"2023-08-25T15:23:12","modified_gmt":"2023-08-25T15:23:12","slug":"milei-contra-el-brics-nuestro-alineamiento-de-geopolitica-es-estados-unidos-e-israel","status":"publish","type":"post","link":"https:\/\/primicias2262.com\/noticias\/milei-contra-el-brics-nuestro-alineamiento-de-geopolitica-es-estados-unidos-e-israel\/","title":{"rendered":"Milei contra el BRICS: \u201cNuestro alineamiento de geopol\u00edtica es Estados Unidos e Israel\u201d"},"content":{"rendered":"<h6><strong>El libertario disert\u00f3 en el Consejo de la Am\u00e9ricas y dej\u00f3 una fuerte frase sobre el desembarco al grupo integrado por Brasil, Rusia, China y Sud\u00e1frica.\u00a0<\/strong><\/h6>\n<p>El candidato a la presidencia de la Naci\u00f3n por La Libertad Avanza, <strong>Javier Milei<\/strong>, rechaz\u00f3 el ingreso de la Argentina al BRICS, luego del anunci\u00f3 que realiz\u00f3 el Gobierno sobre la integraci\u00f3n al grupo conformado por Brasil, Rusia, India, China y Sud\u00e1frica.<\/p>\n<p>\u00ab<strong>Nuestro alineamiento de geopol\u00edtica es Estados Unidos e Israel<\/strong>. Nosotros no nos vamos a alinear con comunistas\u00bb, sostuvo Milei durante su presentaci\u00f3n en el Consejo de las Am\u00e9ricas realizado durante la ma\u00f1ana del jueves en el Hotel Alvear, de la ciudad de Buenos Aires.<\/p>\n<p>En esa l\u00ednea, el libertario agreg\u00f3: \u00abEso no quiere decir que el sector privado pueda comercializar con quien se le d\u00e9 la gana\u00bb. Adem\u00e1s del ingreso de la Argentina, se sumar\u00e1n <strong>Arabia Saudita, Egipto, Etiop\u00eda, Emiratos \u00c1rabes Unidos e Ir\u00e1n<\/strong>, lo que provoc\u00f3 tambi\u00e9n un fuerte rechazo en materia de relaciones diplom\u00e1ticas.<\/p>\n<p>Durante su disertaci\u00f3n, el presidencialista, que viene de imponerse en los comicios primarios del pasado 13 de agosto,<strong> volvi\u00f3 a ratificar que no negociar\u00e1 con Brasil y China<\/strong>, dos de los principales socios comerciales que tiene el pa\u00eds.<\/p>\n<p>El grueso del discurso del economista atraves\u00f3 diversos t\u00f3picos, ya <strong>cl\u00e1sicos en sus discursos<\/strong>, como la \u00abcasta\u00bb, los empresarios \u00abprebendarios\u00bb, la \u00abprensa\u00bb y la infaltable dolarizaci\u00f3n, que el c\u00edrculo rojo a\u00fan mira de reojo.<\/p>\n<p>En declaraciones period\u00edsticas, la referente en pol\u00edtica exterior de Milei, <strong>Diana Mondino<\/strong>, afirm\u00f3 que la Argentina no tiene \u00abfondos\u00bb para aportar al grupo y continu\u00f3: \u00abNo se han negociado los aspectos que abren las puertas a nuestras empresas y por ahora participan pa\u00edses con el objetivo de modificar lo que llaman &#8216;orden mundial&#8217; cuando ni siquiera en la Argentina se ha intentado todav\u00eda abrir potenciar exportaciones\u00bb.<\/p>\n","protected":false},"excerpt":{"rendered":"<p>El libertario disert\u00f3 en el Consejo de la Am\u00e9ricas y dej\u00f3 una fuerte frase sobre el desembarco al grupo integrado por Brasil, Rusia, China y Sud\u00e1frica.\u00a0 El candidato a la presidencia de la Naci\u00f3n por La Libertad Avanza, Javier Milei, rechaz\u00f3 el ingreso de la Argentina al BRICS, luego del anunci\u00f3 que realiz\u00f3 el Gobierno [&hellip;]<\/p>\n","protected":false},"author":3,"featured_media":103131,"comment_status":"open","ping_status":"open","sticky":false,"template":"","format":"standard","meta":{"footnotes":""},"categories":[7],"tags":[],"class_list":{"0":"post-103130","1":"post","2":"type-post","3":"status-publish","4":"format-standard","5":"has-post-thumbnail","7":"category-nac"},"_links":{"self":[{"href":"https:\/\/primicias2262.com\/noticias\/wp-json\/wp\/v2\/posts\/103130","targetHints":{"allow":["GET"]}}],"collection":[{"href":"https:\/\/primicias2262.com\/noticias\/wp-json\/wp\/v2\/posts"}],"about":[{"href":"https:\/\/primicias2262.com\/noticias\/wp-json\/wp\/v2\/types\/post"}],"author":[{"embeddable":true,"href":"https:\/\/primicias2262.com\/noticias\/wp-json\/wp\/v2\/users\/3"}],"replies":[{"embeddable":true,"href":"https:\/\/primicias2262.com\/noticias\/wp-json\/wp\/v2\/comments?post=103130"}],"version-history":[{"count":1,"href":"https:\/\/primicias2262.com\/noticias\/wp-json\/wp\/v2\/posts\/103130\/revisions"}],"predecessor-version":[{"id":103132,"href":"https:\/\/primicias2262.com\/noticias\/wp-json\/wp\/v2\/posts\/103130\/revisions\/103132"}],"wp:featuredmedia":[{"embeddable":true,"href":"https:\/\/primicias2262.com\/noticias\/wp-json\/wp\/v2\/media\/103131"}],"wp:attachment":[{"href":"https:\/\/primicias2262.com\/noticias\/wp-json\/wp\/v2\/media?parent=103130"}],"wp:term":[{"taxonomy":"category","embeddable":true,"href":"https:\/\/primicias2262.com\/noticias\/wp-json\/wp\/v2\/categories?post=103130"},{"taxonomy":"post_tag","embeddable":true,"href":"https:\/\/primicias2262.com\/noticias\/wp-json\/wp\/v2\/tags?post=103130"}],"curies":[{"name":"wp","href":"https:\/\/api.w.org\/{rel}","templated":true}]}}