{"id":103140,"date":"2023-08-26T13:06:03","date_gmt":"2023-08-26T13:06:03","guid":{"rendered":"https:\/\/primicias2262.com\/noticias\/?p=103140"},"modified":"2023-08-28T16:55:33","modified_gmt":"2023-08-28T16:55:33","slug":"la-plaza-central-es-la-expresion-de-la-ciudad-y-la-idea-era-renovarla","status":"publish","type":"post","link":"https:\/\/primicias2262.com\/noticias\/la-plaza-central-es-la-expresion-de-la-ciudad-y-la-idea-era-renovarla\/","title":{"rendered":"\u201cLa plaza central es la expresi\u00f3n de la ciudad y la idea era renovarla\u201d"},"content":{"rendered":"<p><strong>As\u00ed lo expres\u00f3 el secretario de Planeamiento, Obras y Servicios P\u00fablicos, Adri\u00e1n Furno, tras la culminaci\u00f3n de la colocaci\u00f3n de luces led en la plazoleta frente al municipio, una de las cuatro que conforman la Plaza Dardo Rocha.<\/strong><\/p>\n<p><a href=\"https:\/\/primicias2262.com\/noticias\/wp-content\/uploads\/2023\/08\/foto-led-plaza-rocha2.jpeg\"><img loading=\"lazy\" decoding=\"async\" class=\"aligncenter size-full wp-image-103145\" src=\"https:\/\/primicias2262.com\/noticias\/wp-content\/uploads\/2023\/08\/foto-led-plaza-rocha2.jpeg\" alt=\"\" width=\"1024\" height=\"768\" srcset=\"https:\/\/primicias2262.com\/noticias\/wp-content\/uploads\/2023\/08\/foto-led-plaza-rocha2.jpeg 1024w, https:\/\/primicias2262.com\/noticias\/wp-content\/uploads\/2023\/08\/foto-led-plaza-rocha2-300x225.jpeg 300w, https:\/\/primicias2262.com\/noticias\/wp-content\/uploads\/2023\/08\/foto-led-plaza-rocha2-768x576.jpeg 768w, https:\/\/primicias2262.com\/noticias\/wp-content\/uploads\/2023\/08\/foto-led-plaza-rocha2-150x113.jpeg 150w, https:\/\/primicias2262.com\/noticias\/wp-content\/uploads\/2023\/08\/foto-led-plaza-rocha2-696x522.jpeg 696w\" sizes=\"auto, (max-width: 1024px) 100vw, 1024px\" \/><\/a>En su visita a \u201cVoces de la Ciudad\u201d, durante una nota realizada por el periodista Jorge G\u00f3mez, el funcionario se refiri\u00f3 a los trabajos de la empresa local RG Servicios con la iluminaci\u00f3n led en la Plaza Dardo Rocha: \u201cSe hizo una primera y segunda etapa, primeramente se hizo todo el zanjeo para colocar el cableado, luego se colocaron las columnas nuevas y la iluminaci\u00f3n\u201d, inform\u00f3.<\/p>\n<p>Furno contextualiz\u00f3 que \u201cla gente siempre nos comenta que va a cualquier otro pueblo o ciudad grande y encuentra la ciudad hermosa y la plaza central iluminada, y lo cierto es que la plaza central es la expresi\u00f3n de la ciudad y la idea era llevarlo a cabo\u201d, aportando que \u201cse arranc\u00f3 con los juegos frente a la parroquia Santa Mar\u00eda del Carmen y ahora se sigui\u00f3 con la iluminaci\u00f3n de la plazoleta frente a la Municipalidad, que lleva unas 45 luces triales de 150 watts\u201d.<\/p>\n<p><a href=\"https:\/\/primicias2262.com\/noticias\/wp-content\/uploads\/2023\/08\/WhatsApp-Image-2023-08-18-at-10.43.44-PM.jpeg\"><img loading=\"lazy\" decoding=\"async\" class=\"aligncenter size-full wp-image-103150\" src=\"https:\/\/primicias2262.com\/noticias\/wp-content\/uploads\/2023\/08\/WhatsApp-Image-2023-08-18-at-10.43.44-PM.jpeg\" alt=\"\" width=\"1024\" height=\"462\" srcset=\"https:\/\/primicias2262.com\/noticias\/wp-content\/uploads\/2023\/08\/WhatsApp-Image-2023-08-18-at-10.43.44-PM.jpeg 1024w, https:\/\/primicias2262.com\/noticias\/wp-content\/uploads\/2023\/08\/WhatsApp-Image-2023-08-18-at-10.43.44-PM-300x135.jpeg 300w, https:\/\/primicias2262.com\/noticias\/wp-content\/uploads\/2023\/08\/WhatsApp-Image-2023-08-18-at-10.43.44-PM-768x347.jpeg 768w, https:\/\/primicias2262.com\/noticias\/wp-content\/uploads\/2023\/08\/WhatsApp-Image-2023-08-18-at-10.43.44-PM-150x68.jpeg 150w, https:\/\/primicias2262.com\/noticias\/wp-content\/uploads\/2023\/08\/WhatsApp-Image-2023-08-18-at-10.43.44-PM-696x314.jpeg 696w\" sizes=\"auto, (max-width: 1024px) 100vw, 1024px\" \/><\/a>Este mismo trabajo de renovaci\u00f3n de luces se replicar\u00e1 en la plazoleta contigua, frente a la Escuela N\u00ba 2 y con la otra frente al Colegio Nacional, es decir, \u201cquedar\u00e1n todas iluminadas, al igual que los bulevares centrales, como as\u00ed en la parte de la rotonda\u201d, mencion\u00f3 el funcionario, para agregar que \u201ctambi\u00e9n hay que tener en cuenta que tenemos el proyecto m\u00e1s abarcativo con la recuperaci\u00f3n de veredas y el espacio de Malvinas sobre 56 y 59\u2026 cosas que se podr\u00e1n hacer este a\u00f1o y otras que haremos el a\u00f1o que viene si tenemos el apoyo de la gente\u201d.<\/p>\n<p>Y si de iluminaci\u00f3n se trata, el secretario habl\u00f3 de los corredores seguros y otras obras m\u00e1s. Respecto a lo primero, destac\u00f3 que \u201cse hizo todo el Barrio Municipal y la idea es seguir con los corredores seguros en los barrios, que creemos que con los ingresos traer\u00e1 una mejora, se hizo la 566 en Quequ\u00e9n, la entrada al hospital y se va continuando con distintos sectores que ya tenemos asignados\u201d.<\/p>\n<div id='gallery-1' class='gallery galleryid-103140 gallery-columns-2 gallery-size-medium'><figure class='gallery-item'>\n\t\t\t<div class='gallery-icon portrait'>\n\t\t\t\t<a href='https:\/\/primicias2262.com\/noticias\/la-plaza-central-es-la-expresion-de-la-ciudad-y-la-idea-era-renovarla\/whatsapp-image-2023-08-18-at-8-00-28-pm2\/'><img loading=\"lazy\" decoding=\"async\" width=\"225\" height=\"300\" src=\"https:\/\/primicias2262.com\/noticias\/wp-content\/uploads\/2023\/08\/WhatsApp-Image-2023-08-18-at-8.00.28-PM2-225x300.jpeg\" class=\"attachment-medium size-medium\" alt=\"\" srcset=\"https:\/\/primicias2262.com\/noticias\/wp-content\/uploads\/2023\/08\/WhatsApp-Image-2023-08-18-at-8.00.28-PM2-225x300.jpeg 225w, https:\/\/primicias2262.com\/noticias\/wp-content\/uploads\/2023\/08\/WhatsApp-Image-2023-08-18-at-8.00.28-PM2-150x200.jpeg 150w, https:\/\/primicias2262.com\/noticias\/wp-content\/uploads\/2023\/08\/WhatsApp-Image-2023-08-18-at-8.00.28-PM2-300x400.jpeg 300w, https:\/\/primicias2262.com\/noticias\/wp-content\/uploads\/2023\/08\/WhatsApp-Image-2023-08-18-at-8.00.28-PM2-696x928.jpeg 696w, https:\/\/primicias2262.com\/noticias\/wp-content\/uploads\/2023\/08\/WhatsApp-Image-2023-08-18-at-8.00.28-PM2.jpeg 768w\" sizes=\"auto, (max-width: 225px) 100vw, 225px\" \/><\/a>\n\t\t\t<\/div><\/figure><figure class='gallery-item'>\n\t\t\t<div class='gallery-icon portrait'>\n\t\t\t\t<a href='https:\/\/primicias2262.com\/noticias\/la-plaza-central-es-la-expresion-de-la-ciudad-y-la-idea-era-renovarla\/whatsapp-image-2023-08-18-at-8-00-28-pm1\/'><img loading=\"lazy\" decoding=\"async\" width=\"225\" height=\"300\" src=\"https:\/\/primicias2262.com\/noticias\/wp-content\/uploads\/2023\/08\/WhatsApp-Image-2023-08-18-at-8.00.28-PM1-225x300.jpeg\" class=\"attachment-medium size-medium\" alt=\"\" srcset=\"https:\/\/primicias2262.com\/noticias\/wp-content\/uploads\/2023\/08\/WhatsApp-Image-2023-08-18-at-8.00.28-PM1-225x300.jpeg 225w, https:\/\/primicias2262.com\/noticias\/wp-content\/uploads\/2023\/08\/WhatsApp-Image-2023-08-18-at-8.00.28-PM1-150x200.jpeg 150w, https:\/\/primicias2262.com\/noticias\/wp-content\/uploads\/2023\/08\/WhatsApp-Image-2023-08-18-at-8.00.28-PM1-300x400.jpeg 300w, https:\/\/primicias2262.com\/noticias\/wp-content\/uploads\/2023\/08\/WhatsApp-Image-2023-08-18-at-8.00.28-PM1-696x928.jpeg 696w, https:\/\/primicias2262.com\/noticias\/wp-content\/uploads\/2023\/08\/WhatsApp-Image-2023-08-18-at-8.00.28-PM1.jpeg 768w\" sizes=\"auto, (max-width: 225px) 100vw, 225px\" \/><\/a>\n\t\t\t<\/div><\/figure>\n\t\t<\/div>\n\n<p>En tanto, se refiri\u00f3 tambi\u00e9n al proyecto de la iluminaci\u00f3n de la calle 4 en la Villa Balnearia, \u201ccomprende toda la vuelta del Casino con la salida a la Pinolandia, es decir, va todo con columnas nuevas y tendido, y se generar\u00e1 un nuevo paseo con la idea de que la gente pueda salir a futuro por la calle 4 desde el centro (peatonal 83) y pueda llegar hasta Pinolandia, pasando por el Casino y disfrutando de un paseo nuevo\u201d, lo que se juntar\u00e1 con la importante cantidad de reflectores que iluminar\u00e1n los balnearios y la playa.<\/p>\n<div id='gallery-2' class='gallery galleryid-103140 gallery-columns-2 gallery-size-medium'><figure class='gallery-item'>\n\t\t\t<div class='gallery-icon landscape'>\n\t\t\t\t<a href='https:\/\/primicias2262.com\/noticias\/la-plaza-central-es-la-expresion-de-la-ciudad-y-la-idea-era-renovarla\/foto-led-plaza-rocha4\/'><img loading=\"lazy\" decoding=\"async\" width=\"300\" height=\"135\" src=\"https:\/\/primicias2262.com\/noticias\/wp-content\/uploads\/2023\/08\/foto-led-plaza-rocha4-300x135.jpeg\" class=\"attachment-medium size-medium\" alt=\"\" srcset=\"https:\/\/primicias2262.com\/noticias\/wp-content\/uploads\/2023\/08\/foto-led-plaza-rocha4-300x135.jpeg 300w, https:\/\/primicias2262.com\/noticias\/wp-content\/uploads\/2023\/08\/foto-led-plaza-rocha4-768x347.jpeg 768w, https:\/\/primicias2262.com\/noticias\/wp-content\/uploads\/2023\/08\/foto-led-plaza-rocha4-150x68.jpeg 150w, https:\/\/primicias2262.com\/noticias\/wp-content\/uploads\/2023\/08\/foto-led-plaza-rocha4-696x314.jpeg 696w, https:\/\/primicias2262.com\/noticias\/wp-content\/uploads\/2023\/08\/foto-led-plaza-rocha4.jpeg 1024w\" sizes=\"auto, (max-width: 300px) 100vw, 300px\" \/><\/a>\n\t\t\t<\/div><\/figure><figure class='gallery-item'>\n\t\t\t<div class='gallery-icon landscape'>\n\t\t\t\t<a href='https:\/\/primicias2262.com\/noticias\/la-plaza-central-es-la-expresion-de-la-ciudad-y-la-idea-era-renovarla\/foto-led-plaza-rocha3\/'><img loading=\"lazy\" decoding=\"async\" width=\"300\" height=\"135\" src=\"https:\/\/primicias2262.com\/noticias\/wp-content\/uploads\/2023\/08\/foto-led-plaza-rocha3-300x135.jpeg\" class=\"attachment-medium size-medium\" alt=\"\" srcset=\"https:\/\/primicias2262.com\/noticias\/wp-content\/uploads\/2023\/08\/foto-led-plaza-rocha3-300x135.jpeg 300w, https:\/\/primicias2262.com\/noticias\/wp-content\/uploads\/2023\/08\/foto-led-plaza-rocha3-768x347.jpeg 768w, https:\/\/primicias2262.com\/noticias\/wp-content\/uploads\/2023\/08\/foto-led-plaza-rocha3-150x68.jpeg 150w, https:\/\/primicias2262.com\/noticias\/wp-content\/uploads\/2023\/08\/foto-led-plaza-rocha3-696x314.jpeg 696w, https:\/\/primicias2262.com\/noticias\/wp-content\/uploads\/2023\/08\/foto-led-plaza-rocha3.jpeg 1024w\" sizes=\"auto, (max-width: 300px) 100vw, 300px\" \/><\/a>\n\t\t\t<\/div><\/figure>\n\t\t<\/div>\n\n","protected":false},"excerpt":{"rendered":"<p>As\u00ed lo expres\u00f3 el secretario de Planeamiento, Obras y Servicios P\u00fablicos, Adri\u00e1n Furno, tras la culminaci\u00f3n de la colocaci\u00f3n de luces led en la plazoleta frente al municipio, una de las cuatro que conforman la Plaza Dardo Rocha. En su visita a \u201cVoces de la Ciudad\u201d, durante una nota realizada por el periodista Jorge G\u00f3mez, [&hellip;]<\/p>\n","protected":false},"author":3,"featured_media":103144,"comment_status":"open","ping_status":"open","sticky":false,"template":"","format":"standard","meta":{"footnotes":""},"categories":[3],"tags":[],"class_list":["post-103140","post","type-post","status-publish","format-standard","has-post-thumbnail","category-masnoticias"],"_links":{"self":[{"href":"https:\/\/primicias2262.com\/noticias\/wp-json\/wp\/v2\/posts\/103140","targetHints":{"allow":["GET"]}}],"collection":[{"href":"https:\/\/primicias2262.com\/noticias\/wp-json\/wp\/v2\/posts"}],"about":[{"href":"https:\/\/primicias2262.com\/noticias\/wp-json\/wp\/v2\/types\/post"}],"author":[{"embeddable":true,"href":"https:\/\/primicias2262.com\/noticias\/wp-json\/wp\/v2\/users\/3"}],"replies":[{"embeddable":true,"href":"https:\/\/primicias2262.com\/noticias\/wp-json\/wp\/v2\/comments?post=103140"}],"version-history":[{"count":2,"href":"https:\/\/primicias2262.com\/noticias\/wp-json\/wp\/v2\/posts\/103140\/revisions"}],"predecessor-version":[{"id":103151,"href":"https:\/\/primicias2262.com\/noticias\/wp-json\/wp\/v2\/posts\/103140\/revisions\/103151"}],"wp:featuredmedia":[{"embeddable":true,"href":"https:\/\/primicias2262.com\/noticias\/wp-json\/wp\/v2\/media\/103144"}],"wp:attachment":[{"href":"https:\/\/primicias2262.com\/noticias\/wp-json\/wp\/v2\/media?parent=103140"}],"wp:term":[{"taxonomy":"category","embeddable":true,"href":"https:\/\/primicias2262.com\/noticias\/wp-json\/wp\/v2\/categories?post=103140"},{"taxonomy":"post_tag","embeddable":true,"href":"https:\/\/primicias2262.com\/noticias\/wp-json\/wp\/v2\/tags?post=103140"}],"curies":[{"name":"wp","href":"https:\/\/api.w.org\/{rel}","templated":true}]}}