{"id":103142,"date":"2023-08-25T17:16:27","date_gmt":"2023-08-25T17:16:27","guid":{"rendered":"https:\/\/primicias2262.com\/noticias\/?p=103142"},"modified":"2023-08-26T21:31:07","modified_gmt":"2023-08-26T21:31:07","slug":"furno-anuncio-que-el-viernes-8-de-septiembre-se-inaugura-la-pista-de-atletismo","status":"publish","type":"post","link":"https:\/\/primicias2262.com\/noticias\/furno-anuncio-que-el-viernes-8-de-septiembre-se-inaugura-la-pista-de-atletismo\/","title":{"rendered":"Furno anunci\u00f3 que el viernes 8 de septiembre se inaugura la pista de atletismo"},"content":{"rendered":"<p><strong>Entre variados temas de agenda de obras p\u00fablicas que toc\u00f3 en la mesa de \u201cVoces de la Ciudad\u201d, el secretario de Planeamiento, Obras y Servicios P\u00fablicos, Adri\u00e1n Furno, anticip\u00f3 lo que ser\u00e1 la apertura de una pista largamente esperada por al \u00e1mbito atl\u00e9tico y el espectro deportivo de la ciudad.<\/strong><\/p>\n<p>\u201cSi el clima nos acompa\u00f1a, el viernes 8 de septiembre se estar\u00e1 inaugurando la primera etapa de la pista de atletismo en el Polideportivo Municipal \u201cEdgardo Hugo Yelpo\u201d. As\u00ed lo confirm\u00f3 el secretario Adri\u00e1n Furno en di\u00e1logo con el periodista Jorge G\u00f3mez, por lo que se deja entrever que en exactamente dos semanas, si las condiciones clim\u00e1ticas son agradables, se concretar\u00e1 un sue\u00f1o largamente esperado del deporte necochense.<\/p>\n<p><a href=\"https:\/\/primicias2262.com\/noticias\/wp-content\/uploads\/2023\/06\/adrian-furno.jpeg\"><img loading=\"lazy\" decoding=\"async\" class=\"aligncenter size-full wp-image-100290\" src=\"https:\/\/primicias2262.com\/noticias\/wp-content\/uploads\/2023\/06\/adrian-furno.jpeg\" alt=\"\" width=\"1024\" height=\"768\" srcset=\"https:\/\/primicias2262.com\/noticias\/wp-content\/uploads\/2023\/06\/adrian-furno.jpeg 1024w, https:\/\/primicias2262.com\/noticias\/wp-content\/uploads\/2023\/06\/adrian-furno-300x225.jpeg 300w, https:\/\/primicias2262.com\/noticias\/wp-content\/uploads\/2023\/06\/adrian-furno-768x576.jpeg 768w, https:\/\/primicias2262.com\/noticias\/wp-content\/uploads\/2023\/06\/adrian-furno-150x113.jpeg 150w, https:\/\/primicias2262.com\/noticias\/wp-content\/uploads\/2023\/06\/adrian-furno-696x522.jpeg 696w\" sizes=\"auto, (max-width: 1024px) 100vw, 1024px\" \/><\/a>Camino a tan importante fecha, el funcionario anticip\u00f3 adem\u00e1s que \u201cla Direcci\u00f3n de Deportes est\u00e1 organizando un evento competitivo para inaugurar esta primera etapa de la pista\u201d, recordando que \u201cen la segunda etapa se har\u00e1n obras complementarias en el interior de la misma\u201d.<\/p>\n<p>Vale destacarse que en la actualidad, y tras m\u00e1s de una d\u00e9cada de trabajo sostenido desde el Estado Municipal con la escuela que coordina el Prof. Mauro Cabrera, son alrededor de 200 los alumnos de todas las edades que practican atletismo de forma totalmente gratuita en el Polideportivo del sector portuario.<\/p>\n","protected":false},"excerpt":{"rendered":"<p>Entre variados temas de agenda de obras p\u00fablicas que toc\u00f3 en la mesa de \u201cVoces de la Ciudad\u201d, el secretario de Planeamiento, Obras y Servicios P\u00fablicos, Adri\u00e1n Furno, anticip\u00f3 lo que ser\u00e1 la apertura de una pista largamente esperada por al \u00e1mbito atl\u00e9tico y el espectro deportivo de la ciudad. \u201cSi el clima nos acompa\u00f1a, [&hellip;]<\/p>\n","protected":false},"author":3,"featured_media":100388,"comment_status":"open","ping_status":"open","sticky":false,"template":"","format":"standard","meta":{"footnotes":""},"categories":[3],"tags":[],"class_list":["post-103142","post","type-post","status-publish","format-standard","has-post-thumbnail","category-masnoticias"],"_links":{"self":[{"href":"https:\/\/primicias2262.com\/noticias\/wp-json\/wp\/v2\/posts\/103142","targetHints":{"allow":["GET"]}}],"collection":[{"href":"https:\/\/primicias2262.com\/noticias\/wp-json\/wp\/v2\/posts"}],"about":[{"href":"https:\/\/primicias2262.com\/noticias\/wp-json\/wp\/v2\/types\/post"}],"author":[{"embeddable":true,"href":"https:\/\/primicias2262.com\/noticias\/wp-json\/wp\/v2\/users\/3"}],"replies":[{"embeddable":true,"href":"https:\/\/primicias2262.com\/noticias\/wp-json\/wp\/v2\/comments?post=103142"}],"version-history":[{"count":1,"href":"https:\/\/primicias2262.com\/noticias\/wp-json\/wp\/v2\/posts\/103142\/revisions"}],"predecessor-version":[{"id":103143,"href":"https:\/\/primicias2262.com\/noticias\/wp-json\/wp\/v2\/posts\/103142\/revisions\/103143"}],"wp:featuredmedia":[{"embeddable":true,"href":"https:\/\/primicias2262.com\/noticias\/wp-json\/wp\/v2\/media\/100388"}],"wp:attachment":[{"href":"https:\/\/primicias2262.com\/noticias\/wp-json\/wp\/v2\/media?parent=103142"}],"wp:term":[{"taxonomy":"category","embeddable":true,"href":"https:\/\/primicias2262.com\/noticias\/wp-json\/wp\/v2\/categories?post=103142"},{"taxonomy":"post_tag","embeddable":true,"href":"https:\/\/primicias2262.com\/noticias\/wp-json\/wp\/v2\/tags?post=103142"}],"curies":[{"name":"wp","href":"https:\/\/api.w.org\/{rel}","templated":true}]}}