{"id":103155,"date":"2023-08-26T21:29:14","date_gmt":"2023-08-26T21:29:14","guid":{"rendered":"https:\/\/primicias2262.com\/noticias\/?p=103155"},"modified":"2023-08-28T17:04:03","modified_gmt":"2023-08-28T17:04:03","slug":"la-obra-del-centro-de-desarrollo-infantil-entra-en-su-recta-final","status":"publish","type":"post","link":"https:\/\/primicias2262.com\/noticias\/la-obra-del-centro-de-desarrollo-infantil-entra-en-su-recta-final\/","title":{"rendered":"La obra del Centro de Desarrollo Infantil entra en su recta final"},"content":{"rendered":"<p>El Centro de Desarrollo Infantil (CDI), un proyecto que el intendente Arturo Rojas gestion\u00f3 a trav\u00e9s de la Red de Infraestructura del Cuidado, un programa del Ministerio de Obras P\u00fablicas de Naci\u00f3n, entra en la recta final de su construcci\u00f3n, promediando al momento un 60% del total de sus quehaceres.<\/p>\n<p>Ubicado en la zona del Barrio Municipal, m\u00e1s precisamente en calle 79 entre 80 y 82, una vez puesto en marcha, el complejo tendr\u00e1 el objetivo de brindar atenci\u00f3n integral a los ni\u00f1os y ni\u00f1as de la zona, con el cuidado y promoci\u00f3n de sus derechos y el objetivo de igualar oportunidades y reducir las brechas de pobreza, g\u00e9nero y acceso a espacios de cuidado de la primera infancia.<\/p>\n<p>Con un presupuesto afectado de 74 millones de pesos, en la actualidad se trabaja en la colocaci\u00f3n de los tabiques interiores, distribuy\u00e9ndose las bocas de electricidad, las bandejas y el tendido de los cables en las paredes; mientras que, en cuanto a la plomer\u00eda, se pone a punto la red de agua dom\u00e9stica.<\/p>\n<p>Simult\u00e1neamente, en el exterior del edificio se realizan las tareas previas a la colocaci\u00f3n de la base coat y el revestimiento tarquini, de acuerdo a lo detallado en la \u00faltima inspecci\u00f3n realizada por la Secretar\u00eda de Planeamiento, Obras y Servicios P\u00fablicos de la comuna.<\/p>\n<p>Si bien el plazo inicial para su entrega estaba previsto para la primera quincena de septiembre, las obras se extender\u00e1n por los retrasos l\u00f3gicos provocados por las malas condiciones climatol\u00f3gicas de este invierno, que impidieron adelantar tareas en jornadas lluviosas o de mucho viento, la demora en la entrega de materiales y alguno inconvenientes surgidos con el tendido el\u00e9ctrico.<\/p>\n<p>Desde la dependencia confirmaron que la expectativa est\u00e1 puesta en que la obra correspondiente a la construcci\u00f3n del edificio, propiamente dicha, est\u00e9 finalizada para el pr\u00f3ximo noviembre, tiempo que se aprovechar\u00e1 para seguir solicitando la llegada de parte del equipamiento, el mobiliario y los juegos que ser\u00e1n colocados en el patio interno, etapa que se estima llevar\u00e1 otros dos meses m\u00e1s de trabajo.<\/p>\n<p>El CDI del Barrio Municipal contar\u00e1 con una superficie cubierta de 220 m\u00b2 en un terreno de cerca de 800, y contemplar\u00e1 distintas salas seg\u00fan las edades, adem\u00e1s de espacios de recreaci\u00f3n al aire libre, con el objetivo de atender a ni\u00f1os y ni\u00f1as de entre 45 d\u00edas y hasta 4 a\u00f1os de edad en lo relativo a su educaci\u00f3n, su desarrollo, su asistencia nutricional y su estimulaci\u00f3n temprana y psicomotricidad.<\/p>\n","protected":false},"excerpt":{"rendered":"<p>El Centro de Desarrollo Infantil (CDI), un proyecto que el intendente Arturo Rojas gestion\u00f3 a trav\u00e9s de la Red de Infraestructura del Cuidado, un programa del Ministerio de Obras P\u00fablicas de Naci\u00f3n, entra en la recta final de su construcci\u00f3n, promediando al momento un 60% del total de sus quehaceres. Ubicado en la zona del [&hellip;]<\/p>\n","protected":false},"author":3,"featured_media":103156,"comment_status":"open","ping_status":"open","sticky":false,"template":"","format":"standard","meta":{"footnotes":""},"categories":[3],"tags":[],"class_list":["post-103155","post","type-post","status-publish","format-standard","has-post-thumbnail","category-masnoticias"],"_links":{"self":[{"href":"https:\/\/primicias2262.com\/noticias\/wp-json\/wp\/v2\/posts\/103155","targetHints":{"allow":["GET"]}}],"collection":[{"href":"https:\/\/primicias2262.com\/noticias\/wp-json\/wp\/v2\/posts"}],"about":[{"href":"https:\/\/primicias2262.com\/noticias\/wp-json\/wp\/v2\/types\/post"}],"author":[{"embeddable":true,"href":"https:\/\/primicias2262.com\/noticias\/wp-json\/wp\/v2\/users\/3"}],"replies":[{"embeddable":true,"href":"https:\/\/primicias2262.com\/noticias\/wp-json\/wp\/v2\/comments?post=103155"}],"version-history":[{"count":1,"href":"https:\/\/primicias2262.com\/noticias\/wp-json\/wp\/v2\/posts\/103155\/revisions"}],"predecessor-version":[{"id":103157,"href":"https:\/\/primicias2262.com\/noticias\/wp-json\/wp\/v2\/posts\/103155\/revisions\/103157"}],"wp:featuredmedia":[{"embeddable":true,"href":"https:\/\/primicias2262.com\/noticias\/wp-json\/wp\/v2\/media\/103156"}],"wp:attachment":[{"href":"https:\/\/primicias2262.com\/noticias\/wp-json\/wp\/v2\/media?parent=103155"}],"wp:term":[{"taxonomy":"category","embeddable":true,"href":"https:\/\/primicias2262.com\/noticias\/wp-json\/wp\/v2\/categories?post=103155"},{"taxonomy":"post_tag","embeddable":true,"href":"https:\/\/primicias2262.com\/noticias\/wp-json\/wp\/v2\/tags?post=103155"}],"curies":[{"name":"wp","href":"https:\/\/api.w.org\/{rel}","templated":true}]}}