{"id":103158,"date":"2023-08-26T21:43:36","date_gmt":"2023-08-26T21:43:36","guid":{"rendered":"https:\/\/primicias2262.com\/noticias\/?p=103158"},"modified":"2023-08-26T21:43:36","modified_gmt":"2023-08-26T21:43:36","slug":"massa-dispuso-un-fondo-de-7-millones-para-comerciantes-afectados-por-robos-en-la-ultima-semana","status":"publish","type":"post","link":"https:\/\/primicias2262.com\/noticias\/massa-dispuso-un-fondo-de-7-millones-para-comerciantes-afectados-por-robos-en-la-ultima-semana\/","title":{"rendered":"Massa dispuso un fondo de 7 millones para comerciantes afectados por robos en la \u00faltima semana"},"content":{"rendered":"<p>El ministro de Econom\u00eda y candidato a presidente de Uni\u00f3n por la Patria (UxP), Sergio Massa, pidi\u00f3 a la ministra de Desarrollo Social, Victoria Tolosa Paz, la \u00absuspensi\u00f3n\u00bb del \u00abbeneficio social asignado\u00bb a las personas que hayan sido \u00abimputadas en las diferentes causas por la comisi\u00f3n de los delitos\u00bb de robos registrados en los \u00faltimos d\u00edas.<\/p>\n<p>En una nota enviada por el sistema de Gesti\u00f3n Documental Electr\u00f3nica, fechada ayer y difundida hoy, Massa inform\u00f3 tambi\u00e9n a la ministra sobre el destino de un presupuesto de $700 millones, ampliable si hay m\u00e1s demanda, al Programa de Reparaci\u00f3n para los comercios afectados por los robos de los \u00faltimos d\u00edas.<\/p>\n<div id=\"talkFireEvent\"><\/div>\n<p>\u00abTengo el agrado de dirigirme a usted a fin de hacerle saber que he dispuesto el otorgamiento de un aporte no reintegrable de siete millones de pesos a los comerciantes que resultaran v\u00edctimas de los robos en poblado y en banda ocurridos la semana pr\u00f3xima pasada\u00bb, dice el texto de la misiva que el candidato a presidente de UxP envi\u00f3 a la ministra de Desarrollo Social.<\/p>\n<p>En el texto, sostuvo que: \u00abEn m\u00e9rito a ello y atento al esfuerzo econ\u00f3mico que hace el Gobierno en relaci\u00f3n a estos sucesos, es que le solicito, tenga a bien proceder a la suspensi\u00f3n, en el marco de la normativa vigente del beneficio social asignado a las personas que hayan sido imputadas en las diferentes causas por la comisi\u00f3n de los delitos descriptos\u00bb.<\/p>\n<p>Massa hab\u00eda anunciado el mi\u00e9rcoles pasado desde Washington que habr\u00eda \u00abreembolsos\u00bb para los comerciantes que en los \u00faltimos d\u00edas sufrieron robos en distintos puntos del pa\u00eds.<\/p>\n<p>El monto por comercio asciende hasta $7 millones en Aportes No Reembolsables (ARN), siendo alcanzados todos los comercios; los peque\u00f1os, de acceso autom\u00e1tico; y los de m\u00e1s de 50 empleados, con el compromiso de cumplir con el acuerdo de Precios Justos, seg\u00fan se inform\u00f3 en esa oportunidad.<\/p>\n<p>Se contemplan hechos ocurridos entre el 19 y el 24 de agosto en las provincias de Buenos Aires, C\u00f3rdoba, Mendoza, R\u00edo Negro y Neuqu\u00e9n.<\/p>\n<p>En conferencia de prensa, Massa hab\u00eda revelado en ese momento que instruy\u00f3 a la Secretar\u00eda de Industria de la cartera econ\u00f3mica para que a \u00abcada uno de los comerciantes atacados en Neuqu\u00e9n, Buenos Aires, R\u00edo Negro, C\u00f3rdoba y Mendoza, y que tengan la denuncia realizada y una constataci\u00f3n de las p\u00e9rdidas, se le haga un aporte no reembolsable de hasta 7 millones de pesos para recuperar el capital de trabajo\u00bb.<\/p>\n","protected":false},"excerpt":{"rendered":"<p>El ministro de Econom\u00eda y candidato a presidente de Uni\u00f3n por la Patria (UxP), Sergio Massa, pidi\u00f3 a la ministra de Desarrollo Social, Victoria Tolosa Paz, la \u00absuspensi\u00f3n\u00bb del \u00abbeneficio social asignado\u00bb a las personas que hayan sido \u00abimputadas en las diferentes causas por la comisi\u00f3n de los delitos\u00bb de robos registrados en los \u00faltimos [&hellip;]<\/p>\n","protected":false},"author":3,"featured_media":102871,"comment_status":"open","ping_status":"open","sticky":false,"template":"","format":"standard","meta":{"footnotes":""},"categories":[7],"tags":[],"class_list":{"0":"post-103158","1":"post","2":"type-post","3":"status-publish","4":"format-standard","5":"has-post-thumbnail","7":"category-nac"},"_links":{"self":[{"href":"https:\/\/primicias2262.com\/noticias\/wp-json\/wp\/v2\/posts\/103158","targetHints":{"allow":["GET"]}}],"collection":[{"href":"https:\/\/primicias2262.com\/noticias\/wp-json\/wp\/v2\/posts"}],"about":[{"href":"https:\/\/primicias2262.com\/noticias\/wp-json\/wp\/v2\/types\/post"}],"author":[{"embeddable":true,"href":"https:\/\/primicias2262.com\/noticias\/wp-json\/wp\/v2\/users\/3"}],"replies":[{"embeddable":true,"href":"https:\/\/primicias2262.com\/noticias\/wp-json\/wp\/v2\/comments?post=103158"}],"version-history":[{"count":1,"href":"https:\/\/primicias2262.com\/noticias\/wp-json\/wp\/v2\/posts\/103158\/revisions"}],"predecessor-version":[{"id":103159,"href":"https:\/\/primicias2262.com\/noticias\/wp-json\/wp\/v2\/posts\/103158\/revisions\/103159"}],"wp:featuredmedia":[{"embeddable":true,"href":"https:\/\/primicias2262.com\/noticias\/wp-json\/wp\/v2\/media\/102871"}],"wp:attachment":[{"href":"https:\/\/primicias2262.com\/noticias\/wp-json\/wp\/v2\/media?parent=103158"}],"wp:term":[{"taxonomy":"category","embeddable":true,"href":"https:\/\/primicias2262.com\/noticias\/wp-json\/wp\/v2\/categories?post=103158"},{"taxonomy":"post_tag","embeddable":true,"href":"https:\/\/primicias2262.com\/noticias\/wp-json\/wp\/v2\/tags?post=103158"}],"curies":[{"name":"wp","href":"https:\/\/api.w.org\/{rel}","templated":true}]}}