{"id":103166,"date":"2023-08-26T22:04:08","date_gmt":"2023-08-26T22:04:08","guid":{"rendered":"https:\/\/primicias2262.com\/noticias\/?p=103166"},"modified":"2023-08-26T22:04:08","modified_gmt":"2023-08-26T22:04:08","slug":"fatima-florez-imito-a-javier-milei-cual-fue-la-reaccion-del-candidato-a-presidente","status":"publish","type":"post","link":"https:\/\/primicias2262.com\/noticias\/fatima-florez-imito-a-javier-milei-cual-fue-la-reaccion-del-candidato-a-presidente\/","title":{"rendered":"F\u00e1tima Fl\u00f3rez imit\u00f3 a Javier Milei: cu\u00e1l fue la reacci\u00f3n del candidato a presidente"},"content":{"rendered":"<p data-t=\"{&quot;n&quot;:&quot;blueLinks&quot;}\"><strong>Javier Milei<\/strong>\u00a0formar\u00e1 parte de las celebridades que su novia,\u00a0<strong>F\u00e1tima Fl\u00f3rez,<\/strong>\u00a0est\u00e1 comenzando a imitar.<\/p>\n<p data-t=\"{&quot;n&quot;:&quot;blueLinks&quot;}\"><strong>El l\u00edder de La Libertad Avanza\u00a0<\/strong>y la\u00a0<a href=\"https:\/\/caras.perfil.com\/noticias\/celebridades\/salieron-a-la-luz-imagenes-de-los-inicios-de-fatima-florez-en-su-carrera-como-actriz.phtml\" target=\"_blank\" rel=\"noopener\" data-t=\"{&quot;n&quot;:&quot;destination&quot;,&quot;t&quot;:13,&quot;b&quot;:1,&quot;c.t&quot;:7}\">actriz<\/a>, desde que blanquearon su romance, no se separan ni un minuto y, en la intimidad, la actriz hace gala de su don para las imitaciones. Y ahora, est\u00e1 empezando a caracterizar a su novio.<\/p>\n<p data-t=\"{&quot;n&quot;:&quot;blueLinks&quot;}\"><a href=\"https:\/\/caras.perfil.com\/noticias\/celebridades\/la-particular-manera-en-la-que-norberto-marcos-se-entero-del-romance-entre-javier-milei-y-fatima-florez.phtml\" target=\"_blank\" rel=\"noopener\" data-t=\"{&quot;n&quot;:&quot;destination&quot;,&quot;t&quot;:13,&quot;b&quot;:1,&quot;c.t&quot;:7}\"><strong>F\u00e1tima Fl\u00f3rez<\/strong><\/a>\u00a0tiene reconocidas interpretaciones de\u00a0<strong>Cristina Fern\u00e1ndez de Kirchner, Mar\u00eda Eugenia Vidal, Susana Gim\u00e9nez<\/strong>\u00a0y otras tantas personalidades, le har\u00e1n un espacio a la primera imitaci\u00f3n masculina de la actriz.<\/p>\n<p data-t=\"{&quot;n&quot;:&quot;blueLinks&quot;}\">Sorprendido por la nueva creaci\u00f3n,\u00a0<strong><a href=\"https:\/\/caras.perfil.com\/noticias\/celebridades\/como-es-compatibilidad-astrologica-entre-javier-milei-fatima-florez.phtml\" target=\"_blank\" rel=\"noopener\" data-t=\"{&quot;n&quot;:&quot;destination&quot;,&quot;t&quot;:13,&quot;b&quot;:1,&quot;c.t&quot;:7}\">Javier Milei\u00a0<\/a>le confes\u00f3 a CARAS que su pareja \u201cest\u00e1 dando algunos indicios\u201d de la nueva imitaci\u00f3n que lo tiene como protagonista.<\/strong><\/p>\n<p data-t=\"{&quot;n&quot;:&quot;blueLinks&quot;}\">El libertario tambi\u00e9n dijo que, si bien a\u00fan le faltan algunos ensayos, la previa result\u00f3 muy divertida. Totalmente deslumbrado por el talento de F\u00e1tima, sentenci\u00f3:\u00a0<strong>\u201cMe encanta\u201d.<\/strong>\u00a0Y asegur\u00f3 que tanto \u00e9l ir\u00e1 a verla al teatro, como ella ser\u00e1 parte del b\u00fanker de campa\u00f1a.<\/p>\n<p data-t=\"{&quot;n&quot;:&quot;blueLinks&quot;}\">Una vez confirmado su romance,\u00a0<strong>F\u00e1tima Fl\u00f3rez\u00a0<\/strong>sali\u00f3 a la luz el momento en el que la imitadora coincidi\u00f3 con el pol\u00edtico en la mesa de Mirtha Legrand.<\/p>\n<p class=\"continue-read-break\" data-t=\"{&quot;n&quot;:&quot;blueLinks&quot;}\">En un video que ahora volvi\u00f3 a relflotar en las redes, Javier y F\u00e1tima se muestran muy divertidos, cruzando bromas. De hecho,<strong>\u00a0Milei se cop\u00f3 con las imitaciones de la humorista y reaccion\u00f3 a cada una de ellas.<\/strong><\/p>\n","protected":false},"excerpt":{"rendered":"<p>Javier Milei\u00a0formar\u00e1 parte de las celebridades que su novia,\u00a0F\u00e1tima Fl\u00f3rez,\u00a0est\u00e1 comenzando a imitar. El l\u00edder de La Libertad Avanza\u00a0y la\u00a0actriz, desde que blanquearon su romance, no se separan ni un minuto y, en la intimidad, la actriz hace gala de su don para las imitaciones. Y ahora, est\u00e1 empezando a caracterizar a su novio. F\u00e1tima [&hellip;]<\/p>\n","protected":false},"author":3,"featured_media":103078,"comment_status":"open","ping_status":"open","sticky":false,"template":"","format":"standard","meta":{"footnotes":""},"categories":[7],"tags":[],"class_list":{"0":"post-103166","1":"post","2":"type-post","3":"status-publish","4":"format-standard","5":"has-post-thumbnail","7":"category-nac"},"_links":{"self":[{"href":"https:\/\/primicias2262.com\/noticias\/wp-json\/wp\/v2\/posts\/103166","targetHints":{"allow":["GET"]}}],"collection":[{"href":"https:\/\/primicias2262.com\/noticias\/wp-json\/wp\/v2\/posts"}],"about":[{"href":"https:\/\/primicias2262.com\/noticias\/wp-json\/wp\/v2\/types\/post"}],"author":[{"embeddable":true,"href":"https:\/\/primicias2262.com\/noticias\/wp-json\/wp\/v2\/users\/3"}],"replies":[{"embeddable":true,"href":"https:\/\/primicias2262.com\/noticias\/wp-json\/wp\/v2\/comments?post=103166"}],"version-history":[{"count":1,"href":"https:\/\/primicias2262.com\/noticias\/wp-json\/wp\/v2\/posts\/103166\/revisions"}],"predecessor-version":[{"id":103167,"href":"https:\/\/primicias2262.com\/noticias\/wp-json\/wp\/v2\/posts\/103166\/revisions\/103167"}],"wp:featuredmedia":[{"embeddable":true,"href":"https:\/\/primicias2262.com\/noticias\/wp-json\/wp\/v2\/media\/103078"}],"wp:attachment":[{"href":"https:\/\/primicias2262.com\/noticias\/wp-json\/wp\/v2\/media?parent=103166"}],"wp:term":[{"taxonomy":"category","embeddable":true,"href":"https:\/\/primicias2262.com\/noticias\/wp-json\/wp\/v2\/categories?post=103166"},{"taxonomy":"post_tag","embeddable":true,"href":"https:\/\/primicias2262.com\/noticias\/wp-json\/wp\/v2\/tags?post=103166"}],"curies":[{"name":"wp","href":"https:\/\/api.w.org\/{rel}","templated":true}]}}