{"id":103171,"date":"2023-08-27T15:18:59","date_gmt":"2023-08-27T15:18:59","guid":{"rendered":"https:\/\/primicias2262.com\/noticias\/?p=103171"},"modified":"2023-08-27T15:18:59","modified_gmt":"2023-08-27T15:18:59","slug":"murio-el-fiscal-federal-federico-delgado","status":"publish","type":"post","link":"https:\/\/primicias2262.com\/noticias\/murio-el-fiscal-federal-federico-delgado\/","title":{"rendered":"Muri\u00f3 el fiscal federal Federico Delgado"},"content":{"rendered":"<p>El fiscal federal Federico Delgado falleci\u00f3 este domingo, inform\u00f3 el Ministerio P\u00fablico Fiscal de la Naci\u00f3n, que expres\u00f3 sus condolencias a sus familiares, amigos y colaboradores.<\/p>\n<p>Delgado estaba a cargo de la Fiscal\u00eda en lo Criminal y Correccional Federal N\u00ba 6 de la ciudad de Buenos Aires.<\/p>\n","protected":false},"excerpt":{"rendered":"<p>El fiscal federal Federico Delgado falleci\u00f3 este domingo, inform\u00f3 el Ministerio P\u00fablico Fiscal de la Naci\u00f3n, que expres\u00f3 sus condolencias a sus familiares, amigos y colaboradores. Delgado estaba a cargo de la Fiscal\u00eda en lo Criminal y Correccional Federal N\u00ba 6 de la ciudad de Buenos Aires.<\/p>\n","protected":false},"author":3,"featured_media":103172,"comment_status":"open","ping_status":"open","sticky":false,"template":"","format":"standard","meta":{"footnotes":""},"categories":[7],"tags":[],"class_list":{"0":"post-103171","1":"post","2":"type-post","3":"status-publish","4":"format-standard","5":"has-post-thumbnail","7":"category-nac"},"_links":{"self":[{"href":"https:\/\/primicias2262.com\/noticias\/wp-json\/wp\/v2\/posts\/103171","targetHints":{"allow":["GET"]}}],"collection":[{"href":"https:\/\/primicias2262.com\/noticias\/wp-json\/wp\/v2\/posts"}],"about":[{"href":"https:\/\/primicias2262.com\/noticias\/wp-json\/wp\/v2\/types\/post"}],"author":[{"embeddable":true,"href":"https:\/\/primicias2262.com\/noticias\/wp-json\/wp\/v2\/users\/3"}],"replies":[{"embeddable":true,"href":"https:\/\/primicias2262.com\/noticias\/wp-json\/wp\/v2\/comments?post=103171"}],"version-history":[{"count":1,"href":"https:\/\/primicias2262.com\/noticias\/wp-json\/wp\/v2\/posts\/103171\/revisions"}],"predecessor-version":[{"id":103173,"href":"https:\/\/primicias2262.com\/noticias\/wp-json\/wp\/v2\/posts\/103171\/revisions\/103173"}],"wp:featuredmedia":[{"embeddable":true,"href":"https:\/\/primicias2262.com\/noticias\/wp-json\/wp\/v2\/media\/103172"}],"wp:attachment":[{"href":"https:\/\/primicias2262.com\/noticias\/wp-json\/wp\/v2\/media?parent=103171"}],"wp:term":[{"taxonomy":"category","embeddable":true,"href":"https:\/\/primicias2262.com\/noticias\/wp-json\/wp\/v2\/categories?post=103171"},{"taxonomy":"post_tag","embeddable":true,"href":"https:\/\/primicias2262.com\/noticias\/wp-json\/wp\/v2\/tags?post=103171"}],"curies":[{"name":"wp","href":"https:\/\/api.w.org\/{rel}","templated":true}]}}