{"id":103177,"date":"2023-08-27T15:24:14","date_gmt":"2023-08-27T15:24:14","guid":{"rendered":"https:\/\/primicias2262.com\/noticias\/?p=103177"},"modified":"2023-08-27T15:24:14","modified_gmt":"2023-08-27T15:24:14","slug":"el-senado-tratara-el-miercoles-en-comision-el-proyecto-de-reforma-de-la-ley-de-alquileres","status":"publish","type":"post","link":"https:\/\/primicias2262.com\/noticias\/el-senado-tratara-el-miercoles-en-comision-el-proyecto-de-reforma-de-la-ley-de-alquileres\/","title":{"rendered":"El Senado tratar\u00e1 el mi\u00e9rcoles en comisi\u00f3n el proyecto de reforma de la ley de alquileres"},"content":{"rendered":"<p>Un plenario de las Comisiones de Legislaci\u00f3n General y de Presupuesto y Hacienda del Senado<strong>\u00a0comenzar\u00e1 a analizar el mi\u00e9rcoles<\/strong>\u00a0el proyecto de reforma a la ley de alquileres que la semana pasada\u00a0<a href=\"https:\/\/www.telam.com.ar\/notas\/202308\/637868-ley-de-alquileres-diputados.html\" target=\"_blank\" rel=\"noopener\">aprob\u00f3 la C\u00e1mara de Diputados.<\/a><\/p>\n<p>La iniciativa que reforma la norma aprobada en 2019 a instancias del por entonces bloque de Cambiemos\u00a0<strong>establece que la vigencia de los contratos entre inquilinos y propietarios<\/strong>\u00a0se reduzca de tres a dos a\u00f1os, con una actualizaci\u00f3n que podr\u00e1 efectuarse dentro de un plazo de entre cuatro y doce meses, con un sistema de actualizaci\u00f3n acordado entre las partes.<\/p>\n<p><strong>El proyecto<\/strong><\/p>\n<p>La aprobaci\u00f3n determin\u00f3 que las partes deber\u00e1n convenir el mecanismo de actualizaci\u00f3n del precio del alquiler al inicio de la relaci\u00f3n locativa, pudiendo aplicar a tales efectos el \u00edndice de precios al consumidor (IPC), el \u00edndice de precios mayoristas (IPM) y\/o el \u00edndice de salarios (IS), elaborados por el Instituto Nacional de Estad\u00edstica y Censos (Indec) o una combinaci\u00f3n de dichos \u00edndices.<\/p>\n<p><strong>El proyecto fue aprobado por la C\u00e1mara de Diputados el \u00faltimo mi\u00e9rcoles por 125 votos<\/strong>\u00a0aportados por la mayor\u00eda de las bancadas opositoras, a excepci\u00f3n de la Izquierda y de los legisladores libertarios.<\/p>\n<p>La iniciativa, que fue considerada en el marco de una sesi\u00f3n especial que dur\u00f3 cerca de cuatro horas,\u00a0<strong>deja sin efecto la actualizaci\u00f3n anual de los contratos y el indicador que rige en la actualidad<\/strong>, que es un mix que promedia la evoluci\u00f3n del IPC y el \u00edndice de variaci\u00f3n salarial, que es realizado por el Banco Central.<\/p>\n<p>El proyecto fue rechazado por 112 diputados, de los cuales 99 fueron aportados por el Frente de Todos (FdT), 4 por la izquierda, 3 libertarios y 2 del interbloque Federal; mientras que 3 legisladores se abstuvieron de votar (2 socialistas y una legisladora del FDT).<\/p>\n<p>En el Senado,\u00a0<strong>la Comisi\u00f3n de Legislaci\u00f3n General, que ser\u00e1 la cabecera en el tratamiento del proyecto, fue convocada para el mi\u00e9rcoles a las 11, para \u2013inicialmente- elegir a sus autoridades y a qui\u00e9nes la conformar\u00e1n.<\/strong><\/p>\n<p>En tanto, el plenario con la Comisi\u00f3n de Presupuesto y Hacienda para debatir el proyecto sobre alquileres fue fijado para las 18.<\/p>\n","protected":false},"excerpt":{"rendered":"<p>Un plenario de las Comisiones de Legislaci\u00f3n General y de Presupuesto y Hacienda del Senado\u00a0comenzar\u00e1 a analizar el mi\u00e9rcoles\u00a0el proyecto de reforma a la ley de alquileres que la semana pasada\u00a0aprob\u00f3 la C\u00e1mara de Diputados. La iniciativa que reforma la norma aprobada en 2019 a instancias del por entonces bloque de Cambiemos\u00a0establece que la vigencia [&hellip;]<\/p>\n","protected":false},"author":3,"featured_media":103178,"comment_status":"open","ping_status":"open","sticky":false,"template":"","format":"standard","meta":{"footnotes":""},"categories":[7],"tags":[],"class_list":{"0":"post-103177","1":"post","2":"type-post","3":"status-publish","4":"format-standard","5":"has-post-thumbnail","7":"category-nac"},"_links":{"self":[{"href":"https:\/\/primicias2262.com\/noticias\/wp-json\/wp\/v2\/posts\/103177","targetHints":{"allow":["GET"]}}],"collection":[{"href":"https:\/\/primicias2262.com\/noticias\/wp-json\/wp\/v2\/posts"}],"about":[{"href":"https:\/\/primicias2262.com\/noticias\/wp-json\/wp\/v2\/types\/post"}],"author":[{"embeddable":true,"href":"https:\/\/primicias2262.com\/noticias\/wp-json\/wp\/v2\/users\/3"}],"replies":[{"embeddable":true,"href":"https:\/\/primicias2262.com\/noticias\/wp-json\/wp\/v2\/comments?post=103177"}],"version-history":[{"count":1,"href":"https:\/\/primicias2262.com\/noticias\/wp-json\/wp\/v2\/posts\/103177\/revisions"}],"predecessor-version":[{"id":103179,"href":"https:\/\/primicias2262.com\/noticias\/wp-json\/wp\/v2\/posts\/103177\/revisions\/103179"}],"wp:featuredmedia":[{"embeddable":true,"href":"https:\/\/primicias2262.com\/noticias\/wp-json\/wp\/v2\/media\/103178"}],"wp:attachment":[{"href":"https:\/\/primicias2262.com\/noticias\/wp-json\/wp\/v2\/media?parent=103177"}],"wp:term":[{"taxonomy":"category","embeddable":true,"href":"https:\/\/primicias2262.com\/noticias\/wp-json\/wp\/v2\/categories?post=103177"},{"taxonomy":"post_tag","embeddable":true,"href":"https:\/\/primicias2262.com\/noticias\/wp-json\/wp\/v2\/tags?post=103177"}],"curies":[{"name":"wp","href":"https:\/\/api.w.org\/{rel}","templated":true}]}}