{"id":103183,"date":"2023-08-28T15:15:09","date_gmt":"2023-08-28T15:15:09","guid":{"rendered":"https:\/\/primicias2262.com\/noticias\/?p=103183"},"modified":"2023-08-28T15:15:09","modified_gmt":"2023-08-28T15:15:09","slug":"katopodis-son-las-primeras-diez-medidas-de-los-proximos-cuatro-anos-de-massa-presidente","status":"publish","type":"post","link":"https:\/\/primicias2262.com\/noticias\/katopodis-son-las-primeras-diez-medidas-de-los-proximos-cuatro-anos-de-massa-presidente\/","title":{"rendered":"Katopodis: \u00abSon las primeras diez medidas de los pr\u00f3ximos cuatro a\u00f1os de Massa Presidente\u00bb"},"content":{"rendered":"<p>El ministro de Obras P\u00fablicas,\u00a0<strong>Gabriel Katopodis<\/strong>, asegur\u00f3 que los <strong>anuncios<\/strong> realizados por su par\u00a0de Econom\u00eda, <strong>Sergio Massa<\/strong>, <strong>\u00abson las primeras diez medidas de los\u00a0pr\u00f3ximos cuatro a\u00f1os\u00bb de gesti\u00f3n de Uni\u00f3n por la Patria<\/strong>.<\/p>\n<p><strong>\u00abTomamos nota de lo que est\u00e1 pasando en la calle y Massa tiene muy en claro que all\u00ed hay una urgencia principal que tiene que ver con recomponer el ingreso\u00bb<\/strong>, sostuvo el funcionario nacional.<\/p>\n<p>En declaraciones radiales, el dirigente peronista subray\u00f3 que <strong>el Gobierno va a \u00abseguir tomando todas las decisiones que hagan falta para ir recuperando ese salario y ese bolsillo que est\u00e1 flojito, flaco\u00bb<\/strong>.<\/p>\n<p><strong>\u00abEstas son las primeras diez medidas de los pr\u00f3ximos cuatro a\u00f1os de Sergio Massa Presidente\u00bb<\/strong>, destac\u00f3 el titular de la cartera constructora.<\/p>\n<p>Y profundiz\u00f3: <strong>\u00abNo tenemos ning\u00fan respiro para tomarnos y no acelerar todas las decisiones que haya que tomar. No va a haber que esperar cuatro a\u00f1os en clave de salario, de ingreso, de recomposici\u00f3n\u00bb<\/strong>.<\/p>\n<p>En ese sentido, Katopodis rest\u00f3 importancia a los cuestionamientos que hicieron los candidatos presidenciales de Juntos por el Cambio, <strong>Patricia Bullrich<\/strong>, y de La Libertad Avanza, <strong>Javier Milei<\/strong>, sobre el paquete de medidas anunciado por Massa.<\/p>\n","protected":false},"excerpt":{"rendered":"<p>El ministro de Obras P\u00fablicas,\u00a0Gabriel Katopodis, asegur\u00f3 que los anuncios realizados por su par\u00a0de Econom\u00eda, Sergio Massa, \u00abson las primeras diez medidas de los\u00a0pr\u00f3ximos cuatro a\u00f1os\u00bb de gesti\u00f3n de Uni\u00f3n por la Patria. \u00abTomamos nota de lo que est\u00e1 pasando en la calle y Massa tiene muy en claro que all\u00ed hay una urgencia principal [&hellip;]<\/p>\n","protected":false},"author":3,"featured_media":101727,"comment_status":"open","ping_status":"open","sticky":false,"template":"","format":"standard","meta":{"footnotes":""},"categories":[7],"tags":[],"class_list":{"0":"post-103183","1":"post","2":"type-post","3":"status-publish","4":"format-standard","5":"has-post-thumbnail","7":"category-nac"},"_links":{"self":[{"href":"https:\/\/primicias2262.com\/noticias\/wp-json\/wp\/v2\/posts\/103183","targetHints":{"allow":["GET"]}}],"collection":[{"href":"https:\/\/primicias2262.com\/noticias\/wp-json\/wp\/v2\/posts"}],"about":[{"href":"https:\/\/primicias2262.com\/noticias\/wp-json\/wp\/v2\/types\/post"}],"author":[{"embeddable":true,"href":"https:\/\/primicias2262.com\/noticias\/wp-json\/wp\/v2\/users\/3"}],"replies":[{"embeddable":true,"href":"https:\/\/primicias2262.com\/noticias\/wp-json\/wp\/v2\/comments?post=103183"}],"version-history":[{"count":1,"href":"https:\/\/primicias2262.com\/noticias\/wp-json\/wp\/v2\/posts\/103183\/revisions"}],"predecessor-version":[{"id":103184,"href":"https:\/\/primicias2262.com\/noticias\/wp-json\/wp\/v2\/posts\/103183\/revisions\/103184"}],"wp:featuredmedia":[{"embeddable":true,"href":"https:\/\/primicias2262.com\/noticias\/wp-json\/wp\/v2\/media\/101727"}],"wp:attachment":[{"href":"https:\/\/primicias2262.com\/noticias\/wp-json\/wp\/v2\/media?parent=103183"}],"wp:term":[{"taxonomy":"category","embeddable":true,"href":"https:\/\/primicias2262.com\/noticias\/wp-json\/wp\/v2\/categories?post=103183"},{"taxonomy":"post_tag","embeddable":true,"href":"https:\/\/primicias2262.com\/noticias\/wp-json\/wp\/v2\/tags?post=103183"}],"curies":[{"name":"wp","href":"https:\/\/api.w.org\/{rel}","templated":true}]}}