{"id":103185,"date":"2023-08-28T15:16:38","date_gmt":"2023-08-28T15:16:38","guid":{"rendered":"https:\/\/primicias2262.com\/noticias\/?p=103185"},"modified":"2023-08-28T15:16:50","modified_gmt":"2023-08-28T15:16:50","slug":"una-por-una-las-medidas-para-compensar-las-subas-de-precios-y-sostener-el-consumo","status":"publish","type":"post","link":"https:\/\/primicias2262.com\/noticias\/una-por-una-las-medidas-para-compensar-las-subas-de-precios-y-sostener-el-consumo\/","title":{"rendered":"Una por una, las medidas para compensar las subas de precios y sostener el consumo"},"content":{"rendered":"<p>El ministro de Econom\u00eda y candidato presidencial, <strong>Sergio Massa<\/strong>, anunci\u00f3 hoy las medidas que forman parte del <strong>Programa de Fortalecimiento de la Actividad Econ\u00f3mica y del Ingreso para las familias argentinas, que incluir\u00e1n una suma fija de 60 mil pesos para los trabajadores.<\/strong><\/p>\n<p><strong>\u00abEl objetivo central es que cada uno de los sectores de la econom\u00eda tenga de alguna manera el apoyo del Estado\u00bb<\/strong>, dijo Massa.<\/p>\n<p>Adelant\u00f3 que \u00abcada uno de los organismos p\u00fablicos y ministerios a lo largo de esta semana contar\u00e1 en detalle\u00bb en qu\u00e9 consisten estos \u00abprogramas de beneficios, de cr\u00e9ditos o de quita de impuestos\u00bb.<\/p>\n<h2>Suma fija<\/h2>\n<p>Massa anunci\u00f3 esta tarde el pago de una suma fija de <strong>60 mil pesos<\/strong>, en dos cuotas de 30 mil en septiembre y octubre, para los trabajadores privados y los estatales de la Naci\u00f3n que ganan hasta <strong>400 mil pesos.<\/strong><\/p>\n<p>La suma se tomar\u00e1 a cuenta de lo que se acuerde en la futura paritaria.<\/p>\n<p>En el caso de las micropymes, el Estado devolver\u00e1 el 100% de la suma fija en las constribuciones patronales, y en el de las pymes, el 50%.<\/p>\n<p>En el sector privado, Massa dijo que ser\u00e1 5,5 millones de trabajadores los beneficiados.<\/p>\n<p>En los empleados p\u00fablicos, los que cobran hasta 400 mil recibir\u00e1n lo mismo.<\/p>\n<p>Massa invit\u00f3 a las provincias y municipios, a aplicar tambi\u00e9n la medida para mejorar los ingresos.<\/p>\n<h2><strong>Jubilados y pensionados: bonos y cr\u00e9ditos<\/strong><\/h2>\n<p>Los jubilados y pensionados recibir\u00e1n <strong>un refuerzo de $37.000<\/strong> en septiembre, octubre y noviembre, lo que elevar\u00e1 a $124.000 el monto total que percibir\u00e1n a partir del pr\u00f3ximo mes.<\/p>\n<p>A trav\u00e9s de mensajes en redes sociales, Massa dijo que en este caso, est\u00e1n destinadas \u00aba los jubilados y pensionados as\u00ed tambi\u00e9n como a los beneficiarios de otras pensiones, que son casi 7 millones de personas\u00bb, a los que afirm\u00f3 que decidieron \u00abmodificar el refuerzo que les \u00edbamos a dar\u00bb.<\/p>\n<p>Adem\u00e1s, destac\u00f3 que en el caso de las compras que realicen con tarjeta, \u00ables vamos a devolver en la tarjeta misma hasta $18.000 de reintegro del I.V.A por las compras que realizan\u00bb.<\/p>\n<p>Tambi\u00e9n, record\u00f3 que \u00abtienen un programa de cr\u00e9dito a su disposici\u00f3n por m\u00e1s de $400.000 millones que les permite acceder a cr\u00e9ditos de hasta $400.000 a un cuarto de la tasa que pagan en el banco a 24, 36 y 48 meses\u00bb.<\/p>\n<p><strong>Medidas para monotributistas<\/strong><\/p>\n<p>Habr\u00e1 un acceso a <strong>cr\u00e9dito por hasta 4 millones de pesos,<\/strong> dependiendo de la categor\u00eda, a pagar en<strong> 24 cuotas a la mitad de la tasa bancaria con garant\u00eda 100% del Estado\u00bb.<\/strong><\/p>\n<p>Massa tambi\u00e9n destac\u00f3 que \u00abse pondr\u00e1 en marcha el monotributo productivo para la incorporaci\u00f3n a la econom\u00eda formal de los trabajadores independientes que est\u00e1n en la econom\u00eda informal\u00bb.<\/p>\n<h2><strong>Aumento y refuerzo para la Tarjeta Alimentar<\/strong><\/h2>\n<p><strong>Los beneficiarios de la Tarjeta Alimentar y un incremento adicional del 30%.<\/strong><\/p>\n<p>El responsable de la cartera econ\u00f3mica explic\u00f3 que se va a reforzar la Tarjeta Alimentar con un incremento adicional en dos cuotas mensuales, con el siguiente detalle:<\/p>\n<ul>\n<li>Para las familias con un hijo: <strong>$10.000.<\/strong><\/li>\n<li>Para las familias con dos hijos:<strong> $17.000.<\/strong><\/li>\n<li>Para las familias con tres hijos: <strong>$23.000.<\/strong><\/li>\n<\/ul>\n<p>El jefe del Palacio de Hacienda enfatiz\u00f3 que \u00abadem\u00e1s, terminado el refuerzo, la tarjeta alimentar aumentar\u00e1 un 30%\u00bb.<\/p>\n<p><strong>Cr\u00e9dito para trabajadores<\/strong><\/p>\n<p>El candidato presidencial anunci\u00f3 una l\u00ednea de <strong>cr\u00e9ditos para trabajadores de hasta 48 meses de plazo, con tres meses de gracia<\/strong> y con una tasa de inter\u00e9s por la mitad de la que se cobra en el mercado financiero.<\/p>\n<p>Explic\u00f3 que se va a poder acceder a l\u00edneas de<strong> cr\u00e9dito de hasta $400.000 en 24, 36 o 48 cuotas<\/strong> y los fondos se depositar\u00e1n en la tarjeta de cr\u00e9dito bancaria dentro de los 5 d\u00edas h\u00e1biles\u00bb.<\/p>\n<p>El ministro detall\u00f3 que \u00abel programa tiene fondos disponibles por 400.000 millones de pesos y la tasa de inter\u00e9s es la mitad de la que se paga actualmente sobre el saldo de las tarjetas de cr\u00e9dito\u00bb.<\/p>\n<p>Massa indic\u00f3 que el pr\u00e9stamo \u00abse va a poder hacer con un tr\u00e1mite simple electr\u00f3nico y con la posibilidad de que lo debiten de el sueldo\u00bb.<\/p>\n<p>El ministro dijo que \u00aben las pr\u00f3ximas horas, la directora ejecutiva de la Administraci\u00f3n Nacional de la Seguridad Social (Fernanda Raverta) dar\u00e1 m\u00e1s detalles del sistema\u00bb.<\/p>\n<h2><strong>Medidas para el Agro<\/strong><\/h2>\n<p><strong>Se anunci\u00f3 la reducci\u00f3n a cero de los derechos a la exportaci\u00f3n para una serie de productos de las econom\u00edas regionales y ayuda para productores en situaci\u00f3n de emergencia y para industriales que procesan soja.<\/strong><\/p>\n<p>Indic\u00f3 que habr\u00e1 \u00abretenci\u00f3n 0% para econom\u00edas regionales con valor agregado industrial como el vino, el mosto, el arroz, el tabaco, la producci\u00f3n forestal, y la c\u00e1scara de citrus, entre otras\u00bb.<\/p>\n<p>\u00abTodos los productos que tienen un proceso de industrializaci\u00f3n para las exportaciones, van a tener retenciones cero a los efectos de aumentar nuestras exportaciones con valor agregado\u00bb, enfatiz\u00f3 el ministro.<\/p>\n<p>Massa destac\u00f3 adem\u00e1s que habr\u00e1 \u00abun nuevo programa de siembra para trigo y ma\u00edz con entrega de hasta 5 toneladas de fertilizantes para productores en emergencia agropecuaria a partir de un convenio con la compa\u00f1\u00eda YPF Agro\u00bb.<\/p>\n<p>El responsable de la cartera econ\u00f3mica se\u00f1al\u00f3 que \u00abvamos a continuar con el programa Puente al Empleo, para el sector agropecuario, que transforma los planes sociales en empleo registrado para quienes tomen trabajo en el sector rural, manteni\u00e9ndose durante un a\u00f1o los planes\u00bb.<\/p>\n<p>Massa adelant\u00f3 tambi\u00e9n un nuevo \u00abPrograma de Incremento Exportador y dijo que para los productos como la harina, el aceite y el pellet de soja vamos a dar la posibilidad de disponer del 25% de las divisas para comprar transitoriamente poroto de soja para procesar, manteniendo los puestos de trabajo de las plantas industriales y generando valor agregado en nuestro complejo industrial sojero\u00bb.<\/p>\n<p><strong>Fortalecer las exportaciones<\/strong><\/p>\n<p><strong>Habr\u00e1 un nuevo programa de 770 millones de d\u00f3lares para prefinanciaci\u00f3n de exportaciones:<\/strong><\/p>\n<ul>\n<li>550 millones de d\u00f3lares del Banco Naci\u00f3n de la Argentina<\/li>\n<li>220 millones del Banco Bice<\/li>\n<\/ul>\n<p>\u00abEl objetivo es que las empresas que venden trabajo argentino al mundo tengan todas las herramientas para seguir aumentando el volumen de exportaci\u00f3n y acumular reservas\u00bb, se\u00f1al\u00f3.<\/p>\n<h2><strong>Potenciar Trabajo<\/strong><\/h2>\n<p>El titular del Palacio de Hacienda anunci\u00f3 refuerzos tambi\u00e9n para quienes perciben el plan Potenciar Trabajo.<\/p>\n<p>Los beneficiarios recibir\u00e1n <strong>un refuerzo de $20.000<\/strong> que se pagar\u00e1 en dos cuotas de $10.000 en septiembre y octubre, en conjunto con los haberes que tendr\u00e1n su actualizaci\u00f3n tras absorber la actualizaci\u00f3n del salario m\u00ednimo.<\/p>\n<p><strong>Acuerdos de Precios<\/strong><\/p>\n<p>Habr\u00e1n un \u00absendero del 5% con m\u00e1s de <strong>400 empresas que representan 50.000 productos<\/strong> de higiene y alimentos de primera necesidad de la canasta de los argentinos\u00bb, dijo Massa.<\/p>\n<p>\u00abPara este programa ponemos<strong> un beneficio del 6% del total de impuestos que pagan las empresas en descuento del IVA y del impuesto a las ganancias de cada una de esas empresas\u00bb,<\/strong><\/p>\n<p>\u00abEl esfuerzo lo hacemos en conjunto, las empresas y el Estado argentino\u00bb, indic\u00f3.<\/p>\n<p>Subray\u00f3 que a partir de ahora habr\u00e1 \u00abcero aumentos de combustibles hasta el 1\u00b0 de noviembre, y cero aumentos de medicamentos\u00bb.<\/p>\n<h2>Prepagas<\/h2>\n<p>Massa anunci\u00f3 la <strong>suspensi\u00f3n del aumento de las prepagas<\/strong> para familias con ingresos inferiores a $2 millones mensuales.<\/p>\n<p>Es por 90 d\u00edas. Se suma a las medidas informadas este domingo para fortalecer los ingresos de los ciudadanos.<\/p>\n<p>\u00abHemos decidido suspender el aumento de la medicina prepaga por los pr\u00f3ximos 90 d\u00edas, para todos aquellos hogares que no superen el ingreso de los $2 millones\u00bb, adelant\u00f3 el titular de Hacienda en un video en sus cuentas de redes sociales.<\/p>\n<p>El objetivo, dijo Massa, es que \u00ablos efectos de que el esfuerzo que hace los trabajadores y el Estado tambi\u00e9n venga acompa\u00f1ado por una atenci\u00f3n de la salud que no castiguen las cuentas del trabajador\u00bb.<\/p>\n<p>Con los aumentos de julio y agosto, los planes familiar para un matrimonio con 2 hijos menores se ubicaron entre los $120.000 y los $165.000 mensuales.<\/p>\n<p>La suba acumulada de la medicina privada en los primeros 8 meses del a\u00f1o se el 66,16%, mientras que el IPC del 2023 registr\u00f3 hasta julio una variaci\u00f3n de<\/p>\n<p>60,2%, sin contar a\u00fan el \u00edndice de agosto.<\/p>\n<h2>Empleadas dom\u00e9sticas<\/h2>\n<p>En el marco de la catarata de medidas destinadas a compensar los costos de la suba de precio por la devaluaci\u00f3n, el Gobierno anunci\u00f3 <strong>un bono de 25 mil pesos para trabajadores de casas particulares.<\/strong><\/p>\n<p>Ser\u00e1 un refuerzo de $25.000 por \u00fanica vez, en dos cuotas mensuales, de forma proporcional a las horas trabajadas.<\/p>\n<p>Para los empleadores con ingresos de hasta 2 millones de pesos por mes, el Estado va a reembolsarles el 50% de este refuerzo, dijo el ministro de Econom\u00eda, Sergio Massa.<\/p>\n<p>\u00abM\u00e1s de 424 mil personas ser\u00e1n beneficiadas\u00bb, destac\u00f3 el funcionario, candidato presidencial de Uni\u00f3n por la Patria.<\/p>\n","protected":false},"excerpt":{"rendered":"<p>El ministro de Econom\u00eda y candidato presidencial, Sergio Massa, anunci\u00f3 hoy las medidas que forman parte del Programa de Fortalecimiento de la Actividad Econ\u00f3mica y del Ingreso para las familias argentinas, que incluir\u00e1n una suma fija de 60 mil pesos para los trabajadores. \u00abEl objetivo central es que cada uno de los sectores de la [&hellip;]<\/p>\n","protected":false},"author":3,"featured_media":102916,"comment_status":"open","ping_status":"open","sticky":false,"template":"","format":"standard","meta":{"footnotes":""},"categories":[7],"tags":[],"class_list":{"0":"post-103185","1":"post","2":"type-post","3":"status-publish","4":"format-standard","5":"has-post-thumbnail","7":"category-nac"},"_links":{"self":[{"href":"https:\/\/primicias2262.com\/noticias\/wp-json\/wp\/v2\/posts\/103185","targetHints":{"allow":["GET"]}}],"collection":[{"href":"https:\/\/primicias2262.com\/noticias\/wp-json\/wp\/v2\/posts"}],"about":[{"href":"https:\/\/primicias2262.com\/noticias\/wp-json\/wp\/v2\/types\/post"}],"author":[{"embeddable":true,"href":"https:\/\/primicias2262.com\/noticias\/wp-json\/wp\/v2\/users\/3"}],"replies":[{"embeddable":true,"href":"https:\/\/primicias2262.com\/noticias\/wp-json\/wp\/v2\/comments?post=103185"}],"version-history":[{"count":2,"href":"https:\/\/primicias2262.com\/noticias\/wp-json\/wp\/v2\/posts\/103185\/revisions"}],"predecessor-version":[{"id":103187,"href":"https:\/\/primicias2262.com\/noticias\/wp-json\/wp\/v2\/posts\/103185\/revisions\/103187"}],"wp:featuredmedia":[{"embeddable":true,"href":"https:\/\/primicias2262.com\/noticias\/wp-json\/wp\/v2\/media\/102916"}],"wp:attachment":[{"href":"https:\/\/primicias2262.com\/noticias\/wp-json\/wp\/v2\/media?parent=103185"}],"wp:term":[{"taxonomy":"category","embeddable":true,"href":"https:\/\/primicias2262.com\/noticias\/wp-json\/wp\/v2\/categories?post=103185"},{"taxonomy":"post_tag","embeddable":true,"href":"https:\/\/primicias2262.com\/noticias\/wp-json\/wp\/v2\/tags?post=103185"}],"curies":[{"name":"wp","href":"https:\/\/api.w.org\/{rel}","templated":true}]}}